{"id":189,"date":"2022-02-23T12:12:54","date_gmt":"2022-02-23T11:12:54","guid":{"rendered":"https:\/\/www.fahnenmasten-shop.de\/magazin\/?p=189"},"modified":"2022-11-23T10:38:36","modified_gmt":"2022-11-23T09:38:36","slug":"fahnenmast-garten","status":"publish","type":"post","link":"https:\/\/www.fahnenmasten-shop.de\/magazin\/fahnenmast-garten\/","title":{"rendered":"Fahnenmast im Garten &#8211; Wissenswertes &#038; Onlinekauf"},"content":{"rendered":"\t\t<div data-elementor-type=\"wp-post\" data-elementor-id=\"189\" class=\"elementor elementor-189\">\n\t\t\t\t\t\t\t\t\t<section class=\"elementor-section elementor-top-section elementor-element elementor-element-926d524 elementor-section-boxed elementor-section-height-default elementor-section-height-default\" data-id=\"926d524\" data-element_type=\"section\">\n\t\t\t\t\t\t<div class=\"elementor-container elementor-column-gap-default\">\n\t\t\t\t\t<div class=\"elementor-column elementor-col-100 elementor-top-column elementor-element elementor-element-df653af\" data-id=\"df653af\" data-element_type=\"column\">\n\t\t\t<div class=\"elementor-widget-wrap elementor-element-populated\">\n\t\t\t\t\t\t\t\t<div class=\"elementor-element elementor-element-dd7c2fa elementor-widget elementor-widget-text-editor\" data-id=\"dd7c2fa\" data-element_type=\"widget\" data-widget_type=\"text-editor.default\">\n\t\t\t\t<div class=\"elementor-widget-container\">\n\t\t\t<style>\/*! elementor - v3.8.1 - 13-11-2022 *\/\n.elementor-widget-text-editor.elementor-drop-cap-view-stacked .elementor-drop-cap{background-color:#818a91;color:#fff}.elementor-widget-text-editor.elementor-drop-cap-view-framed .elementor-drop-cap{color:#818a91;border:3px solid;background-color:transparent}.elementor-widget-text-editor:not(.elementor-drop-cap-view-default) .elementor-drop-cap{margin-top:8px}.elementor-widget-text-editor:not(.elementor-drop-cap-view-default) .elementor-drop-cap-letter{width:1em;height:1em}.elementor-widget-text-editor .elementor-drop-cap{float:left;text-align:center;line-height:1;font-size:50px}.elementor-widget-text-editor .elementor-drop-cap-letter{display:inline-block}<\/style>\t\t\t\t<p>Sie m\u00f6chten einen Fahnenmast bzw. eine Fahnenstange im Garten aufstellen? Sie wollen mit der Fahne Ihres Fu\u00dfballvereins, der Deutschlandflagge oder mittels irgendeines anderen Motivs &#8211; im wahrsten Sinne des Wortes &#8211; Flagge zeigen in Ihrem Garten? Dann erfahren Sie hier alles Wissenswerte und erhalten g\u00fcnstige Angebote f\u00fcr Garten-Fahnenmasten.<\/p>\t\t\t\t\t\t<\/div>\n\t\t\t\t<\/div>\n\t\t\t\t\t<\/div>\n\t\t<\/div>\n\t\t\t\t\t\t\t<\/div>\n\t\t<\/section>\n\t\t\t\t<section class=\"elementor-section elementor-top-section elementor-element elementor-element-95a0ff3 elementor-section-boxed elementor-section-height-default elementor-section-height-default\" data-id=\"95a0ff3\" data-element_type=\"section\">\n\t\t\t\t\t\t<div class=\"elementor-container elementor-column-gap-default\">\n\t\t\t\t\t<div class=\"elementor-column elementor-col-100 elementor-top-column elementor-element elementor-element-6779d85\" data-id=\"6779d85\" data-element_type=\"column\">\n\t\t\t<div class=\"elementor-widget-wrap elementor-element-populated\">\n\t\t\t\t\t\t\t\t<div class=\"elementor-element elementor-element-ec0e295 elementor-widget elementor-widget-heading\" data-id=\"ec0e295\" data-element_type=\"widget\" id=\"material\" data-widget_type=\"heading.default\">\n\t\t\t\t<div class=\"elementor-widget-container\">\n\t\t\t<style>\/*! elementor - v3.8.1 - 13-11-2022 *\/\n.elementor-heading-title{padding:0;margin:0;line-height:1}.elementor-widget-heading .elementor-heading-title[class*=elementor-size-]>a{color:inherit;font-size:inherit;line-height:inherit}.elementor-widget-heading .elementor-heading-title.elementor-size-small{font-size:15px}.elementor-widget-heading .elementor-heading-title.elementor-size-medium{font-size:19px}.elementor-widget-heading .elementor-heading-title.elementor-size-large{font-size:29px}.elementor-widget-heading .elementor-heading-title.elementor-size-xl{font-size:39px}.elementor-widget-heading .elementor-heading-title.elementor-size-xxl{font-size:59px}<\/style><h2 class=\"elementor-heading-title elementor-size-default\">Welcher Fahnenmast f\u00fcr den Garten?<\/h2>\t\t<\/div>\n\t\t\t\t<\/div>\n\t\t\t\t\t<\/div>\n\t\t<\/div>\n\t\t\t\t\t\t\t<\/div>\n\t\t<\/section>\n\t\t\t\t<section class=\"elementor-section elementor-top-section elementor-element elementor-element-3af3369 elementor-section-boxed elementor-section-height-default elementor-section-height-default\" data-id=\"3af3369\" data-element_type=\"section\">\n\t\t\t\t\t\t<div class=\"elementor-container elementor-column-gap-default\">\n\t\t\t\t\t<div class=\"elementor-column elementor-col-100 elementor-top-column elementor-element elementor-element-32e667c\" data-id=\"32e667c\" data-element_type=\"column\">\n\t\t\t<div class=\"elementor-widget-wrap elementor-element-populated\">\n\t\t\t\t\t\t\t\t<div class=\"elementor-element elementor-element-8d4884f elementor-widget elementor-widget-text-editor\" data-id=\"8d4884f\" data-element_type=\"widget\" data-widget_type=\"text-editor.default\">\n\t\t\t\t<div class=\"elementor-widget-container\">\n\t\t\t\t\t\t\t<p>Die meisten Fahnenmasten in G\u00e4rten sind aus Aluminium. Sie sind pflegeleicht, stabil und haben geringes Gewicht. Gleichzeitig sind sie die preislich g\u00fcnstigste Variante.&nbsp;<\/p>\t\t\t\t\t\t<\/div>\n\t\t\t\t<\/div>\n\t\t\t\t\t<\/div>\n\t\t<\/div>\n\t\t\t\t\t\t\t<\/div>\n\t\t<\/section>\n\t\t\t\t<section class=\"elementor-section elementor-top-section elementor-element elementor-element-0d61592 elementor-section-boxed elementor-section-height-default elementor-section-height-default\" data-id=\"0d61592\" data-element_type=\"section\">\n\t\t\t\t\t\t<div class=\"elementor-container elementor-column-gap-default\">\n\t\t\t\t\t<div class=\"elementor-column elementor-col-33 elementor-top-column elementor-element elementor-element-1cc7be0\" data-id=\"1cc7be0\" data-element_type=\"column\">\n\t\t\t<div class=\"elementor-widget-wrap elementor-element-populated\">\n\t\t\t\t\t\t\t\t<div class=\"elementor-element elementor-element-d62ff4a elementor-widget elementor-widget-image\" data-id=\"d62ff4a\" data-element_type=\"widget\" data-widget_type=\"image.default\">\n\t\t\t\t<div class=\"elementor-widget-container\">\n\t\t\t<style>\/*! elementor - v3.8.1 - 13-11-2022 *\/\n.elementor-widget-image{text-align:center}.elementor-widget-image a{display:inline-block}.elementor-widget-image a img[src$=\".svg\"]{width:48px}.elementor-widget-image img{vertical-align:middle;display:inline-block}<\/style>\t\t\t\t\t\t\t\t\t\t\t\t\t<a href=\"https:\/\/www.fahnenmasten-shop.de\/aluminium-fahnenmasten\">\n\t\t\t\t\t\t\t<img decoding=\"async\" src=\"https:\/\/www.fahnenmasten-shop.de\/magazin\/wp-content\/uploads\/elementor\/thumbs\/kat3-pkxlykzk5ss5nbncyn0zlbte1wlh5tk3nkjb5ripv8.jpg\" title=\"kat3\" alt=\"kat3\" \/>\t\t\t\t\t\t\t\t<\/a>\n\t\t\t\t\t\t\t\t\t\t\t\t\t\t\t<\/div>\n\t\t\t\t<\/div>\n\t\t\t\t\t<\/div>\n\t\t<\/div>\n\t\t\t\t<div class=\"elementor-column elementor-col-66 elementor-top-column elementor-element elementor-element-38f6485\" data-id=\"38f6485\" data-element_type=\"column\">\n\t\t\t<div class=\"elementor-widget-wrap elementor-element-populated\">\n\t\t\t\t\t\t\t\t<div class=\"elementor-element elementor-element-a4cf043 elementor-widget elementor-widget-text-editor\" data-id=\"a4cf043\" data-element_type=\"widget\" data-widget_type=\"text-editor.default\">\n\t\t\t\t<div class=\"elementor-widget-container\">\n\t\t\t\t\t\t\t<p><a href=\"https:\/\/www.fahnenmasten-shop.de\/aluminium-fahnenmasten\">Zur Auswahl g\u00fcnstiger Alu-Fahnenmasten &#8230;<\/a><\/p>\t\t\t\t\t\t<\/div>\n\t\t\t\t<\/div>\n\t\t\t\t\t<\/div>\n\t\t<\/div>\n\t\t\t\t\t\t\t<\/div>\n\t\t<\/section>\n\t\t\t\t<section class=\"elementor-section elementor-top-section elementor-element elementor-element-a0268f1 elementor-section-boxed elementor-section-height-default elementor-section-height-default\" data-id=\"a0268f1\" data-element_type=\"section\">\n\t\t\t\t\t\t<div class=\"elementor-container elementor-column-gap-default\">\n\t\t\t\t\t<div class=\"elementor-column elementor-col-100 elementor-top-column elementor-element elementor-element-35b2aa4\" data-id=\"35b2aa4\" data-element_type=\"column\">\n\t\t\t<div class=\"elementor-widget-wrap elementor-element-populated\">\n\t\t\t\t\t\t\t\t<div class=\"elementor-element elementor-element-835cf57 elementor-widget elementor-widget-text-editor\" data-id=\"835cf57\" data-element_type=\"widget\" data-widget_type=\"text-editor.default\">\n\t\t\t\t<div class=\"elementor-widget-container\">\n\t\t\t\t\t\t\t<p>Kunststoff (GFK) ist wiederum sehr witterungsbest\u00e4ndig und stabil und ist f\u00fcr Gegenden mit sehr starken Winden besonders geeignet. Solche Masten sind zwar etwas teurer als Alu-Masten, aber meist immer noch g\u00fcnstiger als Stahl.&nbsp;<\/p>\t\t\t\t\t\t<\/div>\n\t\t\t\t<\/div>\n\t\t\t\t\t<\/div>\n\t\t<\/div>\n\t\t\t\t\t\t\t<\/div>\n\t\t<\/section>\n\t\t\t\t<section class=\"elementor-section elementor-top-section elementor-element elementor-element-c8a1776 elementor-section-boxed elementor-section-height-default elementor-section-height-default\" data-id=\"c8a1776\" data-element_type=\"section\">\n\t\t\t\t\t\t<div class=\"elementor-container elementor-column-gap-default\">\n\t\t\t\t\t<div class=\"elementor-column elementor-col-33 elementor-top-column elementor-element elementor-element-50c142f\" data-id=\"50c142f\" data-element_type=\"column\">\n\t\t\t<div class=\"elementor-widget-wrap elementor-element-populated\">\n\t\t\t\t\t\t\t\t<div class=\"elementor-element elementor-element-25b64e8 elementor-widget elementor-widget-image\" data-id=\"25b64e8\" data-element_type=\"widget\" data-widget_type=\"image.default\">\n\t\t\t\t<div class=\"elementor-widget-container\">\n\t\t\t\t\t\t\t\t\t\t\t\t\t\t\t\t<a href=\"https:\/\/www.fahnenmasten-shop.de\/gfk-fahnenmast\">\n\t\t\t\t\t\t\t<img decoding=\"async\" src=\"https:\/\/www.fahnenmasten-shop.de\/magazin\/wp-content\/uploads\/elementor\/thumbs\/kat13-pkxmaq2ifrehm00h2dyiariqa2r5l2rabnw3bfinhw.jpg\" title=\"kat13\" alt=\"kat13\" \/>\t\t\t\t\t\t\t\t<\/a>\n\t\t\t\t\t\t\t\t\t\t\t\t\t\t\t<\/div>\n\t\t\t\t<\/div>\n\t\t\t\t\t<\/div>\n\t\t<\/div>\n\t\t\t\t<div class=\"elementor-column elementor-col-66 elementor-top-column elementor-element elementor-element-d17c7c9\" data-id=\"d17c7c9\" data-element_type=\"column\">\n\t\t\t<div class=\"elementor-widget-wrap elementor-element-populated\">\n\t\t\t\t\t\t\t\t<div class=\"elementor-element elementor-element-71276f6 elementor-widget elementor-widget-text-editor\" data-id=\"71276f6\" data-element_type=\"widget\" data-widget_type=\"text-editor.default\">\n\t\t\t\t<div class=\"elementor-widget-container\">\n\t\t\t\t\t\t\t<p><a href=\"https:\/\/www.fahnenmasten-shop.de\/gfk-fahnenmast\">Zur Auswahl g\u00fcnstiger GFK-Fahnenmasten &#8230;<\/a><\/p>\t\t\t\t\t\t<\/div>\n\t\t\t\t<\/div>\n\t\t\t\t\t<\/div>\n\t\t<\/div>\n\t\t\t\t\t\t\t<\/div>\n\t\t<\/section>\n\t\t\t\t<section class=\"elementor-section elementor-top-section elementor-element elementor-element-c821810 elementor-section-boxed elementor-section-height-default elementor-section-height-default\" data-id=\"c821810\" data-element_type=\"section\">\n\t\t\t\t\t\t<div class=\"elementor-container elementor-column-gap-default\">\n\t\t\t\t\t<div class=\"elementor-column elementor-col-100 elementor-top-column elementor-element elementor-element-0f65329\" data-id=\"0f65329\" data-element_type=\"column\">\n\t\t\t<div class=\"elementor-widget-wrap elementor-element-populated\">\n\t\t\t\t\t\t\t\t<div class=\"elementor-element elementor-element-b6fc584 elementor-widget elementor-widget-text-editor\" data-id=\"b6fc584\" data-element_type=\"widget\" data-widget_type=\"text-editor.default\">\n\t\t\t\t<div class=\"elementor-widget-container\">\n\t\t\t\t\t\t\t<p><span style=\"color: var( --e-global-color-text ); font-family: var( --e-global-typography-text-font-family ), Sans-serif; font-weight: var( --e-global-typography-text-font-weight ); font-size: 1rem;\">Die teureren Edelstahl-Fahnenmasten haben eine besonders edle Optik, da sie noch gl\u00e4nzender sind. Au\u00dferdem sind sie nochmal etwas fester und verbiegen auch bei sehr starkem Wind kaum.\u00a0<\/span>Wollen Sie Bewegungen des Fahnenmasts selbst besonders stark vermeiden, bietet sich Stahl als Material an. Zu beachten ist, dass Edelstahl-Masten auch leicht einmal das 3-fache von Aluminium wiegen (ein Aufstellen mit nur 2 Personen ist kaum m\u00f6glich). Diese besondere Stabilit\u00e4t spiegelt sich dann aber nat\u00fcrlich auch im Preis des Mastes wieder.<\/p><p>Edelstahl wird in G\u00e4rten daher eher selten eingesetzt.<\/p>\t\t\t\t\t\t<\/div>\n\t\t\t\t<\/div>\n\t\t\t\t\t<\/div>\n\t\t<\/div>\n\t\t\t\t\t\t\t<\/div>\n\t\t<\/section>\n\t\t\t\t<section class=\"elementor-section elementor-top-section elementor-element elementor-element-0f4a465 elementor-section-boxed elementor-section-height-default elementor-section-height-default\" data-id=\"0f4a465\" data-element_type=\"section\">\n\t\t\t\t\t\t<div class=\"elementor-container elementor-column-gap-default\">\n\t\t\t\t\t<div class=\"elementor-column elementor-col-33 elementor-top-column elementor-element elementor-element-1d2b816\" data-id=\"1d2b816\" data-element_type=\"column\">\n\t\t\t<div class=\"elementor-widget-wrap elementor-element-populated\">\n\t\t\t\t\t\t\t\t<div class=\"elementor-element elementor-element-7e5aa6d elementor-widget elementor-widget-image\" data-id=\"7e5aa6d\" data-element_type=\"widget\" data-widget_type=\"image.default\">\n\t\t\t\t<div class=\"elementor-widget-container\">\n\t\t\t\t\t\t\t\t\t\t\t\t\t\t\t\t<a href=\"https:\/\/www.fahnenmasten-shop.de\/edelstahl-fahnenmasten\">\n\t\t\t\t\t\t\t<img decoding=\"async\" src=\"https:\/\/www.fahnenmasten-shop.de\/magazin\/wp-content\/uploads\/elementor\/thumbs\/kat9-pkxm31pymgw6sn5vw2i6xp97msl8q2a79o3c82web8.jpg\" title=\"kat9\" alt=\"kat9\" \/>\t\t\t\t\t\t\t\t<\/a>\n\t\t\t\t\t\t\t\t\t\t\t\t\t\t\t<\/div>\n\t\t\t\t<\/div>\n\t\t\t\t\t<\/div>\n\t\t<\/div>\n\t\t\t\t<div class=\"elementor-column elementor-col-66 elementor-top-column elementor-element elementor-element-ef97e7f\" data-id=\"ef97e7f\" data-element_type=\"column\">\n\t\t\t<div class=\"elementor-widget-wrap elementor-element-populated\">\n\t\t\t\t\t\t\t\t<div class=\"elementor-element elementor-element-b3154eb elementor-widget elementor-widget-text-editor\" data-id=\"b3154eb\" data-element_type=\"widget\" data-widget_type=\"text-editor.default\">\n\t\t\t\t<div class=\"elementor-widget-container\">\n\t\t\t\t\t\t\t<p><a href=\"https:\/\/www.fahnenmasten-shop.de\/edelstahl-fahnenmasten\">Zur Auswahl g\u00fcnstiger Edelstahl-Fahnenmasten &#8230;<\/a><\/p>\t\t\t\t\t\t<\/div>\n\t\t\t\t<\/div>\n\t\t\t\t\t<\/div>\n\t\t<\/div>\n\t\t\t\t\t\t\t<\/div>\n\t\t<\/section>\n\t\t\t\t<section class=\"elementor-section elementor-top-section elementor-element elementor-element-4269679 elementor-section-boxed elementor-section-height-default elementor-section-height-default\" data-id=\"4269679\" data-element_type=\"section\">\n\t\t\t\t\t\t<div class=\"elementor-container elementor-column-gap-default\">\n\t\t\t\t\t<div class=\"elementor-column elementor-col-100 elementor-top-column elementor-element elementor-element-77b2516\" data-id=\"77b2516\" data-element_type=\"column\">\n\t\t\t<div class=\"elementor-widget-wrap elementor-element-populated\">\n\t\t\t\t\t\t\t\t<div class=\"elementor-element elementor-element-6af7b01 elementor-widget elementor-widget-text-editor\" data-id=\"6af7b01\" data-element_type=\"widget\" data-widget_type=\"text-editor.default\">\n\t\t\t\t<div class=\"elementor-widget-container\">\n\t\t\t\t\t\t\t<p>Holz als Fahnenmast hat eine spezielle Optik, braucht aber einerseits eine regelm\u00e4\u00dfige Pflege, muss \u00f6fter gestrichen bzw. lackiert werden und wird andererseits mit der Zeit auch spr\u00f6de &#8211; weshalb eher die oben genannten Alternativen zu empfehlen sind.<\/p><p>F\u00fcr das Aufh\u00e4ngen der Fahne bzw. Flagge im Garten sind Flaggenmasten oft mit Seilzug ausgestattet, die ein einfaches Hissen bzw. Einholen der Fahne erlauben. F\u00fcr Fahnen, die auch ohne Wind gut sichtbar sein sollen, bieten sich aber Fahnenmasten mit Auslegern an.\u00a0<\/p>\t\t\t\t\t\t<\/div>\n\t\t\t\t<\/div>\n\t\t\t\t\t<\/div>\n\t\t<\/div>\n\t\t\t\t\t\t\t<\/div>\n\t\t<\/section>\n\t\t\t\t<section class=\"elementor-section elementor-top-section elementor-element elementor-element-9e0cabf elementor-section-boxed elementor-section-height-default elementor-section-height-default\" data-id=\"9e0cabf\" data-element_type=\"section\">\n\t\t\t\t\t\t<div class=\"elementor-container elementor-column-gap-default\">\n\t\t\t\t\t<div class=\"elementor-column elementor-col-100 elementor-top-column elementor-element elementor-element-4530d96\" data-id=\"4530d96\" data-element_type=\"column\">\n\t\t\t<div class=\"elementor-widget-wrap elementor-element-populated\">\n\t\t\t\t\t\t\t\t<div class=\"elementor-element elementor-element-c7d719a elementor-widget elementor-widget-heading\" data-id=\"c7d719a\" data-element_type=\"widget\" id=\"hoehe\" data-widget_type=\"heading.default\">\n\t\t\t\t<div class=\"elementor-widget-container\">\n\t\t\t<h2 class=\"elementor-heading-title elementor-size-default\">H\u00f6he einer Fahnenstange f\u00fcr den Garten<\/h2>\t\t<\/div>\n\t\t\t\t<\/div>\n\t\t\t\t\t<\/div>\n\t\t<\/div>\n\t\t\t\t\t\t\t<\/div>\n\t\t<\/section>\n\t\t\t\t<section class=\"elementor-section elementor-top-section elementor-element elementor-element-c4a7009 elementor-section-boxed elementor-section-height-default elementor-section-height-default\" data-id=\"c4a7009\" data-element_type=\"section\">\n\t\t\t\t\t\t<div class=\"elementor-container elementor-column-gap-default\">\n\t\t\t\t\t<div class=\"elementor-column elementor-col-100 elementor-top-column elementor-element elementor-element-703e8ce\" data-id=\"703e8ce\" data-element_type=\"column\">\n\t\t\t<div class=\"elementor-widget-wrap elementor-element-populated\">\n\t\t\t\t\t\t\t\t<div class=\"elementor-element elementor-element-84ea050 elementor-widget elementor-widget-text-editor\" data-id=\"84ea050\" data-element_type=\"widget\" data-widget_type=\"text-editor.default\">\n\t\t\t\t<div class=\"elementor-widget-container\">\n\t\t\t\t\t\t\t<p>Wie hoch ein Fahnenmast im Garten sein sollte, h\u00e4ngt ein bisschen von den jeweiligen Gegebenheiten ab. Sind sehr viele hohe Str\u00e4ucher oder B\u00e4ume vorhanden oder gibt es viele umgebende Bauwerke, dann sollte ein Fahnenmast auch etwas h\u00f6her sein.\u00a0<\/p><p><span style=\"color: var( --e-global-color-text ); font-family: var( --e-global-typography-text-font-family ), Sans-serif; font-weight: var( --e-global-typography-text-font-weight ); font-size: 1rem;\">Typisch und h\u00e4ufig verwendet werden im Garten Fahnenmasten mit einer L\u00e4nge von 5 oder 6 Metern, aber auch 7 oder 8 Meter werden teils verwendet. Gro\u00dfe Masten mit 9 oder 10 Metern sind in G\u00e4rten eher un\u00fcblich und selten.<\/span><\/p>\t\t\t\t\t\t<\/div>\n\t\t\t\t<\/div>\n\t\t\t\t\t<\/div>\n\t\t<\/div>\n\t\t\t\t\t\t\t<\/div>\n\t\t<\/section>\n\t\t\t\t<section class=\"elementor-section elementor-top-section elementor-element elementor-element-5615734 elementor-section-boxed elementor-section-height-default elementor-section-height-default\" data-id=\"5615734\" data-element_type=\"section\">\n\t\t\t\t\t\t<div class=\"elementor-container elementor-column-gap-default\">\n\t\t\t\t\t<div class=\"elementor-column elementor-col-100 elementor-top-column elementor-element elementor-element-44487d2\" data-id=\"44487d2\" data-element_type=\"column\">\n\t\t\t<div class=\"elementor-widget-wrap elementor-element-populated\">\n\t\t\t\t\t\t\t\t<div class=\"elementor-element elementor-element-d67997a elementor-widget elementor-widget-heading\" data-id=\"d67997a\" data-element_type=\"widget\" id=\"genehmigung\" data-widget_type=\"heading.default\">\n\t\t\t\t<div class=\"elementor-widget-container\">\n\t\t\t<h2 class=\"elementor-heading-title elementor-size-default\">Genehmigungen f\u00fcr Fahnenmasten im Garten<\/h2>\t\t<\/div>\n\t\t\t\t<\/div>\n\t\t\t\t\t<\/div>\n\t\t<\/div>\n\t\t\t\t\t\t\t<\/div>\n\t\t<\/section>\n\t\t\t\t<section class=\"elementor-section elementor-top-section elementor-element elementor-element-d91b5a9 elementor-section-boxed elementor-section-height-default elementor-section-height-default\" data-id=\"d91b5a9\" data-element_type=\"section\">\n\t\t\t\t\t\t<div class=\"elementor-container elementor-column-gap-default\">\n\t\t\t\t\t<div class=\"elementor-column elementor-col-100 elementor-top-column elementor-element elementor-element-099ba00\" data-id=\"099ba00\" data-element_type=\"column\">\n\t\t\t<div class=\"elementor-widget-wrap elementor-element-populated\">\n\t\t\t\t\t\t\t\t<div class=\"elementor-element elementor-element-91d13a2 elementor-widget elementor-widget-text-editor\" data-id=\"91d13a2\" data-element_type=\"widget\" data-widget_type=\"text-editor.default\">\n\t\t\t\t<div class=\"elementor-widget-container\">\n\t\t\t\t\t\t\t<p>Bez\u00fcglich Genehmigung muss man drei Dinge unterscheiden: die Genehmigung f\u00fcr den Fahnenmast, die Genehmigung f\u00fcr dessen Nutzungszweck und die Genehmigung f\u00fcr das notwendige Fundament. Daher gibt es f<span style=\"color: var( --e-global-color-text ); font-family: var( --e-global-typography-text-font-family ), Sans-serif; font-weight: var( --e-global-typography-text-font-weight ); font-size: 1rem;\">\u00fcr das Aufstellen von Fahnenmasten sehr unterschiedliche Vorschriften &#8211; die insbesondere auch noch je nach Bundesland und Gemeinde unterschiedlich sind. Daher m\u00fcssen immer vorab Infos auf dem zust\u00e4ndigen Amt eingeholt werden, ob das Aufstellen \u00fcberhaupt erlaubt ist, bzw. ob eine Genehmigung eingeholt werden muss.\u00a0<\/span><span style=\"color: var( --e-global-color-text ); font-family: var( --e-global-typography-text-font-family ), Sans-serif; font-weight: var( --e-global-typography-text-font-weight ); font-size: 1rem;\">Oft ist das Bauamt zust\u00e4ndig oder es hilft Ihnen die B\u00fcrgerinformation der\u00a0 Stadt bzw. Gemeinde weiter, welches Amt zust\u00e4ndig ist.<\/span><\/p><p><span style=\"color: var( --e-global-color-text ); font-family: var( --e-global-typography-text-font-family ), Sans-serif; font-weight: var( --e-global-typography-text-font-weight ); font-size: 1rem;\">Am wichtigsten:\u00a0<\/span><span style=\"color: var( --e-global-color-text ); font-family: var( --e-global-typography-text-font-family ), Sans-serif; font-size: 1rem; font-weight: var( --e-global-typography-text-font-weight );\">Das Fundament, das praktisch immer f\u00fcr das Aufstellen eines Fahnenmasts im Garten betoniert werden muss, wird fast immer als eine bauliche Ver\u00e4nderung eingestuft werden &#8211; und diese ist genehmigungspflichtig. F\u00fcr ein Fahnenmasten-Fundament im Garten muss also fast immer eine Genehmigung eingeholt werden. Gleiches gilt auch, wenn zwar ohne Fundament gearbeitet wird, aber der Fahnenmast am Geb\u00e4ude (z.B. an einer Wand) befestigt wird.\u00a0<\/span><\/p><p>Sind Sie Mieter bzw. Mieterin, m\u00fcssen Sie au\u00dferdem neben der beh\u00f6rdlichen Genehmigung nat\u00fcrlich Ihren Vermieter fragen.<span style=\"color: var( --e-global-color-text ); font-family: var( --e-global-typography-text-font-family ), Sans-serif; font-size: 1rem; font-weight: var( --e-global-typography-text-font-weight );\"><br \/><\/span><\/p>\t\t\t\t\t\t<\/div>\n\t\t\t\t<\/div>\n\t\t\t\t\t<\/div>\n\t\t<\/div>\n\t\t\t\t\t\t\t<\/div>\n\t\t<\/section>\n\t\t\t\t<section class=\"elementor-section elementor-top-section elementor-element elementor-element-3ecd6d9 elementor-section-boxed elementor-section-height-default elementor-section-height-default\" data-id=\"3ecd6d9\" data-element_type=\"section\">\n\t\t\t\t\t\t<div class=\"elementor-container elementor-column-gap-default\">\n\t\t\t\t\t<div class=\"elementor-column elementor-col-100 elementor-top-column elementor-element elementor-element-b888e3e\" data-id=\"b888e3e\" data-element_type=\"column\">\n\t\t\t<div class=\"elementor-widget-wrap elementor-element-populated\">\n\t\t\t\t\t\t\t\t<div class=\"elementor-element elementor-element-fd438af elementor-widget elementor-widget-heading\" data-id=\"fd438af\" data-element_type=\"widget\" data-widget_type=\"heading.default\">\n\t\t\t\t<div class=\"elementor-widget-container\">\n\t\t\t<h3 class=\"elementor-heading-title elementor-size-default\">Welche Fahnen sind erlaubt (oder genehmigungspflichtig)?<\/h3>\t\t<\/div>\n\t\t\t\t<\/div>\n\t\t\t\t\t<\/div>\n\t\t<\/div>\n\t\t\t\t\t\t\t<\/div>\n\t\t<\/section>\n\t\t\t\t<section class=\"elementor-section elementor-top-section elementor-element elementor-element-e13fb95 elementor-section-boxed elementor-section-height-default elementor-section-height-default\" data-id=\"e13fb95\" data-element_type=\"section\">\n\t\t\t\t\t\t<div class=\"elementor-container elementor-column-gap-default\">\n\t\t\t\t\t<div class=\"elementor-column elementor-col-100 elementor-top-column elementor-element elementor-element-90d83d1\" data-id=\"90d83d1\" data-element_type=\"column\">\n\t\t\t<div class=\"elementor-widget-wrap elementor-element-populated\">\n\t\t\t\t\t\t\t\t<div class=\"elementor-element elementor-element-73cb109 elementor-widget elementor-widget-text-editor\" data-id=\"73cb109\" data-element_type=\"widget\" data-widget_type=\"text-editor.default\">\n\t\t\t\t<div class=\"elementor-widget-container\">\n\t\t\t\t\t\t\t<p>F\u00fcr den Fahnenmast selbst ist oft \u2013 aber nicht immer und \u00fcberall \u2013 keine Genehmigung notwendig, zumindest wenn er rein privat und im eigenen Garten genutzt wird. Etwas anderes ist es allerdings, wenn dort werbliche Fahnen aufgezogen werden \u2013 dann besteht Genehmigungspflicht als Werbeanlage!\u00a0<\/p><p>Die Fahne Ihres Lieblings-Fu\u00dfball-Vereins d\u00fcrfte dazu aber eher nicht z\u00e4hlen (damit hat sich auch das Verwaltungsgerichts Arnsberg in seinem Urteil vom 15. Juli 2013,\u00a0<a href=\"https:\/\/www.iww.de\/quellenmaterial\/id\/94471\" target=\"_blank\" rel=\"noopener\">8 K 1679\/12<\/a>\u00a0schon einmal befasst:\u00a0\u201e<i>Das Anbringen von Fahnen an einen Fahnenmast stelle sich bis auf wenige Ausnahmen als Ausdruck der pers\u00f6nlichen Meinungsfreiheit dar, die nach Art. 5 Abs. 1 des Grundgesetzes (GG) ausdr\u00fccklich gesch\u00fctzt sei. \u2026 Eine Nationalflagge der Bundesrepublik Deutschland \u2026 oder aktuell eine Vereinsfahne seien nicht zu beanstanden \u2026 handele es sich dabei auch nicht um eine Werbeanlage.<\/i>\u201e).\u00a0<\/p><p>Typische Deutschlandfahnen oder viele andere Flaggen oder Fahnen, die lediglich eine pers\u00f6nliche Einstellung ausdr\u00fccken (und kein anderen gesetzlichen Vorschriften verletzen) sind aber im Normalfall ohne extra Genehmigung aufh\u00e4ngbar.<\/p>\t\t\t\t\t\t<\/div>\n\t\t\t\t<\/div>\n\t\t\t\t\t<\/div>\n\t\t<\/div>\n\t\t\t\t\t\t\t<\/div>\n\t\t<\/section>\n\t\t\t\t<section class=\"elementor-section elementor-top-section elementor-element elementor-element-6bb1a2e elementor-section-boxed elementor-section-height-default elementor-section-height-default\" data-id=\"6bb1a2e\" data-element_type=\"section\">\n\t\t\t\t\t\t<div class=\"elementor-container elementor-column-gap-default\">\n\t\t\t\t\t<div class=\"elementor-column elementor-col-100 elementor-top-column elementor-element elementor-element-9f4a24c\" data-id=\"9f4a24c\" data-element_type=\"column\">\n\t\t\t<div class=\"elementor-widget-wrap elementor-element-populated\">\n\t\t\t\t\t\t\t\t<div class=\"elementor-element elementor-element-ecd6cc5 elementor-widget elementor-widget-heading\" data-id=\"ecd6cc5\" data-element_type=\"widget\" id=\"nachbarn\" data-widget_type=\"heading.default\">\n\t\t\t\t<div class=\"elementor-widget-container\">\n\t\t\t<h3 class=\"elementor-heading-title elementor-size-default\">Fahnenmasten im Garten und die Nachbarn<\/h3>\t\t<\/div>\n\t\t\t\t<\/div>\n\t\t\t\t\t<\/div>\n\t\t<\/div>\n\t\t\t\t\t\t\t<\/div>\n\t\t<\/section>\n\t\t\t\t<section class=\"elementor-section elementor-top-section elementor-element elementor-element-7cb2b92 elementor-section-boxed elementor-section-height-default elementor-section-height-default\" data-id=\"7cb2b92\" data-element_type=\"section\">\n\t\t\t\t\t\t<div class=\"elementor-container elementor-column-gap-default\">\n\t\t\t\t\t<div class=\"elementor-column elementor-col-100 elementor-top-column elementor-element elementor-element-4877c05\" data-id=\"4877c05\" data-element_type=\"column\">\n\t\t\t<div class=\"elementor-widget-wrap elementor-element-populated\">\n\t\t\t\t\t\t\t\t<div class=\"elementor-element elementor-element-096c6ab elementor-widget elementor-widget-text-editor\" data-id=\"096c6ab\" data-element_type=\"widget\" data-widget_type=\"text-editor.default\">\n\t\t\t\t<div class=\"elementor-widget-container\">\n\t\t\t\t\t\t\t<p>Wichtig ist erst einmal, dass\u00a0<span style=\"color: var( --e-global-color-text ); font-family: var( --e-global-typography-text-font-family ), Sans-serif; font-weight: var( --e-global-typography-text-font-weight ); font-size: 1rem;\">das Fundament des Garten-Fahnenmastes immer mindestens 2 m Abstand zum Nachbargrundst\u00fcck hat. Und es gilt b<\/span><span style=\"color: var( --e-global-color-text ); font-family: var( --e-global-typography-text-font-family ), Sans-serif; font-weight: var( --e-global-typography-text-font-weight ); font-size: 1rem;\">ez\u00fcglich Nachbarn das so genannte Gebot der gegenseitigen R\u00fccksichtnahme. Das gilt u.a. auch f\u00fcr die Wahl des Standortes des Fahnenmastes im Garten.\u00a0\u00a0<\/span><\/p><p><span style=\"color: var( --e-global-color-text ); font-family: var( --e-global-typography-text-font-family ), Sans-serif; font-weight: var( --e-global-typography-text-font-weight ); font-size: 1rem;\">Ganz wichtig: die Hissvorrichtung. <\/span><span style=\"color: var( --e-global-color-text ); font-family: var( --e-global-typography-text-font-family ), Sans-serif; font-size: 1rem;\"><b>Tipp:\u00a0<\/b><\/span><span style=\"color: var( --e-global-color-text ); font-family: var( --e-global-typography-text-font-family ), Sans-serif; font-size: 1rem;\"><b>W\u00e4hlen Sie am besten ein <\/b><\/span><b style=\"color: var( --e-global-color-text ); font-family: var( --e-global-typography-text-font-family ), Sans-serif; font-size: 1rem;\">innenliegendes Hissseil<\/b><span style=\"color: var( --e-global-color-text ); font-family: var( --e-global-typography-text-font-family ), Sans-serif; font-weight: var( --e-global-typography-text-font-weight ); font-size: 1rem;\">. Das ist ger\u00e4usch\u00e4rmer, weil es nicht au\u00dfen an den Mast anschl\u00e4gt. Damit vermeiden Sie einen wichtigen Grund, der Nachbarn ver\u00e4rgern oder juristische Folgen haben k\u00f6nnte.<\/span><\/p><p><span style=\"color: var( --e-global-color-text ); font-family: var( --e-global-typography-text-font-family ), Sans-serif; font-weight: var( --e-global-typography-text-font-weight ); font-size: 1rem;\">Zu Ger\u00e4usch, das aus dem Schlagen der Fahne im Wind entsteht, sagt das bereits oben genannte Urteil aus Arnsberg: &#8222;<\/span><i>F\u00fcr die von den Kl\u00e4gern dar\u00fcber hinaus beanstandete Ger\u00e4uschimmission durch das Schlagen der Fahne im Wind biete das Bauordnungsrecht keine wirksame Eingriffsgrundlage<\/i><span style=\"color: var( --e-global-color-text ); font-family: var( --e-global-typography-text-font-family ), Sans-serif; font-size: 1rem; font-weight: var( --e-global-typography-text-font-weight );\">&#8222;. Das gibt zwar erst einmal eine Richtung, aber Sie sollten unbedingt beachten, dass diese Urteil juristisch genau genommen erst einmal nur f\u00fcr Arnsberg gilt und nicht automatisch auf andere Orte \u00fcbertragen werden kann!<\/span><\/p><p>Au\u00dferdem ist es der Nachbarschaftsbeziehung halber nat\u00fcrlich sinnvoll, vorab mit den Nachbarn zu sprechen (und z.B. versprechen, bei starkem Wind keine Fahne aufzuh\u00e4ngen, um den L\u00e4rm zu reduzieren).<\/p>\t\t\t\t\t\t<\/div>\n\t\t\t\t<\/div>\n\t\t\t\t\t<\/div>\n\t\t<\/div>\n\t\t\t\t\t\t\t<\/div>\n\t\t<\/section>\n\t\t\t\t<section class=\"elementor-section elementor-top-section elementor-element elementor-element-30a4691 elementor-section-boxed elementor-section-height-default elementor-section-height-default\" data-id=\"30a4691\" data-element_type=\"section\">\n\t\t\t\t\t\t<div class=\"elementor-container elementor-column-gap-default\">\n\t\t\t\t\t<div class=\"elementor-column elementor-col-100 elementor-top-column elementor-element elementor-element-3158921\" data-id=\"3158921\" data-element_type=\"column\">\n\t\t\t<div class=\"elementor-widget-wrap elementor-element-populated\">\n\t\t\t\t\t\t\t\t<div class=\"elementor-element elementor-element-5cb4a13 elementor-widget elementor-widget-heading\" data-id=\"5cb4a13\" data-element_type=\"widget\" id=\"aufstellen\" data-widget_type=\"heading.default\">\n\t\t\t\t<div class=\"elementor-widget-container\">\n\t\t\t<h2 class=\"elementor-heading-title elementor-size-default\">Fahnenmast im Garten aufstellen \/ Fundament<\/h2>\t\t<\/div>\n\t\t\t\t<\/div>\n\t\t\t\t\t<\/div>\n\t\t<\/div>\n\t\t\t\t\t\t\t<\/div>\n\t\t<\/section>\n\t\t\t\t<section class=\"elementor-section elementor-top-section elementor-element elementor-element-b0b8be3 elementor-section-boxed elementor-section-height-default elementor-section-height-default\" data-id=\"b0b8be3\" data-element_type=\"section\">\n\t\t\t\t\t\t<div class=\"elementor-container elementor-column-gap-default\">\n\t\t\t\t\t<div class=\"elementor-column elementor-col-100 elementor-top-column elementor-element elementor-element-df26ae6\" data-id=\"df26ae6\" data-element_type=\"column\">\n\t\t\t<div class=\"elementor-widget-wrap elementor-element-populated\">\n\t\t\t\t\t\t\t\t<div class=\"elementor-element elementor-element-0516954 elementor-widget elementor-widget-text-editor\" data-id=\"0516954\" data-element_type=\"widget\" data-widget_type=\"text-editor.default\">\n\t\t\t\t<div class=\"elementor-widget-container\">\n\t\t\t\t\t\t\t<p>F\u00fcr einen sicheren Stand des Fahnenmastes im Garten dient eine Bodenh\u00fclse in einem Fundament. Dabei wird ein Loch im Boden ausgehoben und darin die Bodenh\u00fclse einbetoniert. Der Fahnenmast kann dann in die Bodenh\u00fclse gesteckt werden und steht sehr stabil. Bestellen sie daher am besten immer auch gleich die passende Bodenh\u00fclse mit.<\/p>\n<p>Bei einer Bestellung <b>im fahnenmasten-shop.de liegt der Bodenh\u00fclse immer ein Fundamentplan<\/b> mit der genauen Gr\u00f6\u00dfe und Beschaffenheit des Fundamentes bei.<\/p>\n<p>Wer sich nicht sicher ist oder die Arbeit nicht selber vornehmen m\u00f6chte, kann den Einbau des Flaggenmastes bzw. des Fundaments im Garten auch von einer \u00f6rtlichen Bau- oder Gartenbaufirma vornehmen lassen. Der Vorteil: man ist auf der sicheren Seite, dass alles sicher und stabil ist.<\/p>\t\t\t\t\t\t<\/div>\n\t\t\t\t<\/div>\n\t\t\t\t\t<\/div>\n\t\t<\/div>\n\t\t\t\t\t\t\t<\/div>\n\t\t<\/section>\n\t\t\t\t<section class=\"elementor-section elementor-top-section elementor-element elementor-element-985c175 elementor-section-boxed elementor-section-height-default elementor-section-height-default\" data-id=\"985c175\" data-element_type=\"section\">\n\t\t\t\t\t\t<div class=\"elementor-container elementor-column-gap-default\">\n\t\t\t\t\t<div class=\"elementor-column elementor-col-33 elementor-top-column elementor-element elementor-element-a6d062c\" data-id=\"a6d062c\" data-element_type=\"column\">\n\t\t\t<div class=\"elementor-widget-wrap elementor-element-populated\">\n\t\t\t\t\t\t\t\t<div class=\"elementor-element elementor-element-e9e35c9 elementor-widget elementor-widget-image\" data-id=\"e9e35c9\" data-element_type=\"widget\" data-widget_type=\"image.default\">\n\t\t\t\t<div class=\"elementor-widget-container\">\n\t\t\t\t\t\t\t\t\t\t\t\t\t\t\t<img loading=\"lazy\" decoding=\"async\" width=\"128\" height=\"119\" src=\"https:\/\/www.fahnenmasten-shop.de\/magazin\/wp-content\/uploads\/2022\/02\/fundament.png\" class=\"attachment-large size-large\" alt=\"Bild eines Mast in der betonierten Bodenh\u00e4lse, Zeichnung als Schnitt durch den Boden\" \/>\t\t\t\t\t\t\t\t\t\t\t\t\t\t\t<\/div>\n\t\t\t\t<\/div>\n\t\t\t\t\t<\/div>\n\t\t<\/div>\n\t\t\t\t<div class=\"elementor-column elementor-col-66 elementor-top-column elementor-element elementor-element-fbeefd8\" data-id=\"fbeefd8\" data-element_type=\"column\">\n\t\t\t<div class=\"elementor-widget-wrap elementor-element-populated\">\n\t\t\t\t\t\t\t\t<div class=\"elementor-element elementor-element-da92f6f elementor-widget elementor-widget-text-editor\" data-id=\"da92f6f\" data-element_type=\"widget\" data-widget_type=\"text-editor.default\">\n\t\t\t\t<div class=\"elementor-widget-container\">\n\t\t\t\t\t\t\t<p><a href=\"https:\/\/www.fahnenmasten-shop.de\/magazin\/fahnenmasten-fundament-betonieren\/\">Mehr zum Thema Fundament f\u00fcr Fahnenmasten (betonieren) &#8230;<\/a><br \/>(inkl. Video zur Herstellung eines Fundaments)<\/p>\t\t\t\t\t\t<\/div>\n\t\t\t\t<\/div>\n\t\t\t\t\t<\/div>\n\t\t<\/div>\n\t\t\t\t\t\t\t<\/div>\n\t\t<\/section>\n\t\t\t\t<section class=\"elementor-section elementor-top-section elementor-element elementor-element-1c77535 elementor-section-boxed elementor-section-height-default elementor-section-height-default\" data-id=\"1c77535\" data-element_type=\"section\">\n\t\t\t\t\t\t<div class=\"elementor-container elementor-column-gap-default\">\n\t\t\t\t\t<div class=\"elementor-column elementor-col-100 elementor-top-column elementor-element elementor-element-09982bf\" data-id=\"09982bf\" data-element_type=\"column\">\n\t\t\t<div class=\"elementor-widget-wrap elementor-element-populated\">\n\t\t\t\t\t\t\t\t<div class=\"elementor-element elementor-element-f5bdd1c elementor-widget elementor-widget-heading\" data-id=\"f5bdd1c\" data-element_type=\"widget\" data-widget_type=\"heading.default\">\n\t\t\t\t<div class=\"elementor-widget-container\">\n\t\t\t<h2 class=\"elementor-heading-title elementor-size-default\">FAQ: Fahnenmast Garten<\/h2>\t\t<\/div>\n\t\t\t\t<\/div>\n\t\t\t\t\t<\/div>\n\t\t<\/div>\n\t\t\t\t\t\t\t<\/div>\n\t\t<\/section>\n\t\t\t\t<section class=\"elementor-section elementor-top-section elementor-element elementor-element-ed38a82 elementor-section-boxed elementor-section-height-default elementor-section-height-default\" data-id=\"ed38a82\" data-element_type=\"section\">\n\t\t\t\t\t\t<div class=\"elementor-container elementor-column-gap-default\">\n\t\t\t\t\t<div class=\"elementor-column elementor-col-100 elementor-top-column elementor-element elementor-element-ecb189e\" data-id=\"ecb189e\" data-element_type=\"column\">\n\t\t\t<div class=\"elementor-widget-wrap elementor-element-populated\">\n\t\t\t\t\t\t\t\t<div class=\"elementor-element elementor-element-2c783f8 elementor-widget elementor-widget-text-editor\" data-id=\"2c783f8\" data-element_type=\"widget\" data-widget_type=\"text-editor.default\">\n\t\t\t\t<div class=\"elementor-widget-container\">\n\t\t\t\t\t\t\t<p><strong>Ist ein Fahnenmast im Garten genehmigungspflichtig?<\/strong><\/p><p>Die Vorschriften f\u00fcr Garten-Fahnenmasten unterscheiden sich leider von Bundesland zu Bundesland bzw. sogar je nach Gemeinde. Aber das (praktisch immer notwendige) Fundament muss fast immer als bauliche Ma\u00dfnahme genehmigt werden (der Fahnenmast selbst oft nicht noch extra). Am besten immer beim Bauamt der Gemeinde erkundigen, was bei Ihnen am Ort gilt.<\/p><p><strong>Wie hoch darf ein Garten-Fahnenmast sein?<\/strong><\/p><p>Typische H\u00f6hen von Fahnenmasten im Garten sind 5m oder 6m. Manchmal werden auch 7 oder 8 Meter gew\u00e4hlt, z.B. wenn die Fahne \u00fcber Str\u00e4ucher oder Mauern hinausragen soll. Welche H\u00f6he maximal erlaubt ist, ist in jeder Gemeinde unterschiedlich. Da muss man immer vor Ort nachfragen (bis 8 Meter ist fast immer erlaubt, aber eben nicht \u00fcberall).<\/p><p><strong>Auf was muss ich achten bei Fahnenmasten im Garten?<\/strong><\/p><p>Sie m\u00fcssen praktisch immer ein Fundament gie\u00dfen und das genehmigen lassen. Mit Blick auf die Lautst\u00e4rke (Bel\u00e4stigung der Nachbarn) sollten sie ein innenliegendes Hiss-Seil w\u00e4hlen, das bei Wind ruhiger ist und weniger schl\u00e4gt. Fahnenmast-H\u00f6hen im Garten sind meist zwischen 5 und 8 Metern (je nach Lage).<\/p>\t\t\t\t\t\t<\/div>\n\t\t\t\t<\/div>\n\t\t\t\t\t<\/div>\n\t\t<\/div>\n\t\t\t\t\t\t\t<\/div>\n\t\t<\/section>\n\t\t\t\t<section class=\"elementor-section elementor-top-section elementor-element elementor-element-ebdac36 elementor-section-boxed elementor-section-height-default elementor-section-height-default\" data-id=\"ebdac36\" data-element_type=\"section\">\n\t\t\t\t\t\t<div class=\"elementor-container elementor-column-gap-default\">\n\t\t\t\t\t<div class=\"elementor-column elementor-col-100 elementor-top-column elementor-element elementor-element-cda9901\" data-id=\"cda9901\" data-element_type=\"column\">\n\t\t\t<div class=\"elementor-widget-wrap elementor-element-populated\">\n\t\t\t\t\t\t\t\t<div class=\"elementor-element elementor-element-b10eee2 elementor-widget elementor-widget-html\" data-id=\"b10eee2\" data-element_type=\"widget\" data-widget_type=\"html.default\">\n\t\t\t\t<div class=\"elementor-widget-container\">\n\t\t\t<script type=\"application\/ld+json\">\r\n{\r\n  \"@context\": \"https:\/\/schema.org\",\r\n  \"@type\": \"FAQPage\",\r\n  \"mainEntity\": [{\r\n    \"@type\": \"Question\",\r\n    \"name\": \"Ist ein Fahnenmast im Garten genehmigungspflichtig?\",\r\n    \"acceptedAnswer\": {\r\n      \"@type\": \"Answer\",\r\n      \"text\": \"Die Vorschriften f\u00fcr Garten-Fahnenmasten unterscheiden sich leider von Bundesland zu Bundesland bzw.  sogar je nach Gemeinde. Aber das (praktisch immer notwendige) Fundament muss fast immer als bauliche Ma\u00dfnahme genehmigt werden (der Fahnenmast selbst oft nicht noch extra). Am besten immer beim Bauamt der Gemeinde erkundigen, was bei Ihnen am Ort gilt.\"\r\n    }\r\n  },{\r\n    \"@type\": \"Question\",\r\n    \"name\": \"Wie hoch darf ein Garten-Fahnenmast sein?\",\r\n    \"acceptedAnswer\": {\r\n      \"@type\": \"Answer\",\r\n      \"text\": \"Typische H\u00f6hen von Fahnenmasten im Garten sind 5m oder 6m. Manchmal werden auch 7 oder 8 Meter gew\u00e4hlt, z.B. wenn die Fahne \u00fcber Str\u00e4ucher oder Mauern hinausragen soll. Welche H\u00f6he maximal erlaubt ist, ist in jeder Gemeinde unterschiedlich. Da muss man immer vor Ort nachfragen (bis 8 Meter ist fast immer erlaubt, aber eben nicht \u00fcberall).\"\r\n    }\r\n  },{\r\n    \"@type\": \"Question\",\r\n    \"name\": \"Auf was muss ich achten bei Fahnenmasten im Garten?\",\r\n    \"acceptedAnswer\": {\r\n      \"@type\": \"Answer\",\r\n      \"text\": \"Sie m\u00fcssen praktisch immer ein Fundament gie\u00dfen und das genehmigen lassen. Mit Blick auf die Lautst\u00e4rke (Bel\u00e4stigung der Nachbarn) sollten sie ein innenliegendes Hiss-Seil w\u00e4hlen, das bei Wind ruhiger ist und weniger schl\u00e4gt. Fahnenmast-H\u00f6hen im Garten sind meist zwischen 5 und 8 Metern (je nach Lage).\"\r\n    }\r\n  }]\r\n}\r\n<\/script>\t\t<\/div>\n\t\t\t\t<\/div>\n\t\t\t\t\t<\/div>\n\t\t<\/div>\n\t\t\t\t\t\t\t<\/div>\n\t\t<\/section>\n\t\t\t\t\t\t\t<\/div>\n\t\t","protected":false},"excerpt":{"rendered":"<p>Sie m\u00f6chten einen Fahnenmast bzw. eine Fahnenstange im Garten aufstellen? Sie wollen mit der Fahne Ihres Fu\u00dfballvereins, der Deutschlandflagge oder mittels irgendeines anderen Motivs &#8211; im wahrsten Sinne des Wortes &#8211; Flagge zeigen in Ihrem Garten? Dann erfahren Sie hier alles Wissenswerte und erhalten g\u00fcnstige Angebote f\u00fcr Garten-Fahnenmasten. Welcher Fahnenmast f\u00fcr den Garten? Die meisten [&hellip;]<\/p>\n","protected":false},"author":1,"featured_media":253,"comment_status":"open","ping_status":"open","sticky":false,"template":"","format":"standard","meta":{"footnotes":""},"categories":[1],"tags":[],"class_list":["post-189","post","type-post","status-publish","format-standard","has-post-thumbnail","hentry","category-allgemein"],"yoast_head":"<!-- This site is optimized with the Yoast SEO Premium plugin v17.9 (Yoast SEO v18.0) - https:\/\/yoast.com\/wordpress\/plugins\/seo\/ -->\n<title>Fahnenmast Garten - Wissenswertes, Tipps &amp; Onlinekauf<\/title>\n<meta name=\"description\" content=\"Welcher Fahnenmast f\u00fcr Garten? Wissenswertes (Material, erlaubte H\u00f6he, Aufbau), Genehmigung &amp; Nachbarn. Gro\u00dfe Auswahl g\u00fcnstiger Fahnenmasten.\" \/>\n<meta name=\"robots\" content=\"index, follow, max-snippet:-1, max-image-preview:large, max-video-preview:-1\" \/>\n<link rel=\"canonical\" href=\"https:\/\/www.fahnenmasten-shop.de\/magazin\/fahnenmast-garten\/\" \/>\n<meta property=\"og:locale\" content=\"de_DE\" \/>\n<meta property=\"og:type\" content=\"article\" \/>\n<meta property=\"og:title\" content=\"Fahnenmast im Garten - Wissenswertes &amp; Onlinekauf\" \/>\n<meta property=\"og:description\" content=\"Welcher Fahnenmast f\u00fcr Garten? Wissenswertes (Material, erlaubte H\u00f6he, Aufbau), Genehmigung &amp; Nachbarn. Gro\u00dfe Auswahl g\u00fcnstiger Fahnenmasten.\" \/>\n<meta property=\"og:url\" content=\"https:\/\/www.fahnenmasten-shop.de\/magazin\/fahnenmast-garten\/\" \/>\n<meta property=\"og:site_name\" content=\"Fahnenmasten Shop Magazin\" \/>\n<meta property=\"article:published_time\" content=\"2022-02-23T11:12:54+00:00\" \/>\n<meta property=\"article:modified_time\" content=\"2022-11-23T09:38:36+00:00\" \/>\n<meta property=\"og:image\" content=\"https:\/\/www.fahnenmasten-shop.de\/magazin\/wp-content\/uploads\/2022\/02\/Screenshot-2022-02-24-at-10-42-52-Fahnenmast-Konfigurator-TUeV-geprueft-jetzt-konfigurieren.png\" \/>\n\t<meta property=\"og:image:width\" content=\"692\" \/>\n\t<meta property=\"og:image:height\" content=\"533\" \/>\n\t<meta property=\"og:image:type\" content=\"image\/png\" \/>\n<meta name=\"twitter:card\" content=\"summary_large_image\" \/>\n<meta name=\"twitter:label1\" content=\"Verfasst von\" \/>\n\t<meta name=\"twitter:data1\" content=\"admin\" \/>\n\t<meta name=\"twitter:label2\" content=\"Gesch\u00e4tzte Lesezeit\" \/>\n\t<meta name=\"twitter:data2\" content=\"9\u00a0Minuten\" \/>\n<script type=\"application\/ld+json\" class=\"yoast-schema-graph\">{\"@context\":\"https:\/\/schema.org\",\"@graph\":[{\"@type\":\"WebSite\",\"@id\":\"https:\/\/www.fahnenmasten-shop.de\/magazin\/#website\",\"url\":\"https:\/\/www.fahnenmasten-shop.de\/magazin\/\",\"name\":\"Fahnenmasten Shop Magazin\",\"description\":\"Eine weitere WordPress-Website\",\"potentialAction\":[{\"@type\":\"SearchAction\",\"target\":{\"@type\":\"EntryPoint\",\"urlTemplate\":\"https:\/\/www.fahnenmasten-shop.de\/magazin\/?s={search_term_string}\"},\"query-input\":\"required name=search_term_string\"}],\"inLanguage\":\"de\"},{\"@type\":\"ImageObject\",\"@id\":\"https:\/\/www.fahnenmasten-shop.de\/magazin\/fahnenmast-garten\/#primaryimage\",\"inLanguage\":\"de\",\"url\":\"https:\/\/www.fahnenmasten-shop.de\/magazin\/wp-content\/uploads\/2022\/02\/Screenshot-2022-02-24-at-10-42-52-Fahnenmast-Konfigurator-TUeV-geprueft-jetzt-konfigurieren.png\",\"contentUrl\":\"https:\/\/www.fahnenmasten-shop.de\/magazin\/wp-content\/uploads\/2022\/02\/Screenshot-2022-02-24-at-10-42-52-Fahnenmast-Konfigurator-TUeV-geprueft-jetzt-konfigurieren.png\",\"width\":692,\"height\":533},{\"@type\":\"WebPage\",\"@id\":\"https:\/\/www.fahnenmasten-shop.de\/magazin\/fahnenmast-garten\/#webpage\",\"url\":\"https:\/\/www.fahnenmasten-shop.de\/magazin\/fahnenmast-garten\/\",\"name\":\"Fahnenmast Garten - Wissenswertes, Tipps & Onlinekauf\",\"isPartOf\":{\"@id\":\"https:\/\/www.fahnenmasten-shop.de\/magazin\/#website\"},\"primaryImageOfPage\":{\"@id\":\"https:\/\/www.fahnenmasten-shop.de\/magazin\/fahnenmast-garten\/#primaryimage\"},\"datePublished\":\"2022-02-23T11:12:54+00:00\",\"dateModified\":\"2022-11-23T09:38:36+00:00\",\"author\":{\"@id\":\"https:\/\/www.fahnenmasten-shop.de\/magazin\/#\/schema\/person\/a955976088f9a713df9da45dca39a982\"},\"description\":\"Welcher Fahnenmast f\u00fcr Garten? Wissenswertes (Material, erlaubte H\u00f6he, Aufbau), Genehmigung & Nachbarn. Gro\u00dfe Auswahl g\u00fcnstiger Fahnenmasten.\",\"breadcrumb\":{\"@id\":\"https:\/\/www.fahnenmasten-shop.de\/magazin\/fahnenmast-garten\/#breadcrumb\"},\"inLanguage\":\"de\",\"potentialAction\":[{\"@type\":\"ReadAction\",\"target\":[\"https:\/\/www.fahnenmasten-shop.de\/magazin\/fahnenmast-garten\/\"]}]},{\"@type\":\"BreadcrumbList\",\"@id\":\"https:\/\/www.fahnenmasten-shop.de\/magazin\/fahnenmast-garten\/#breadcrumb\",\"itemListElement\":[{\"@type\":\"ListItem\",\"position\":1,\"name\":\"Magazin\",\"item\":\"https:\/\/www.fahnenmasten-shop.de\/magazin\/\"},{\"@type\":\"ListItem\",\"position\":2,\"name\":\"Fahnenmast im Garten &#8211; Wissenswertes &#038; Onlinekauf\"}]},{\"@type\":\"Person\",\"@id\":\"https:\/\/www.fahnenmasten-shop.de\/magazin\/#\/schema\/person\/a955976088f9a713df9da45dca39a982\",\"name\":\"admin\",\"image\":{\"@type\":\"ImageObject\",\"@id\":\"https:\/\/www.fahnenmasten-shop.de\/magazin\/#personlogo\",\"inLanguage\":\"de\",\"url\":\"https:\/\/secure.gravatar.com\/avatar\/87871f34e68fada81c8b2d10de871853f840bd8f0ad7aff2ea65fb4c2a471f27?s=96&d=mm&r=g\",\"contentUrl\":\"https:\/\/secure.gravatar.com\/avatar\/87871f34e68fada81c8b2d10de871853f840bd8f0ad7aff2ea65fb4c2a471f27?s=96&d=mm&r=g\",\"caption\":\"admin\"},\"sameAs\":[\"https:\/\/www.fahnenmasten-shop.de\/magazin\"],\"url\":\"https:\/\/www.fahnenmasten-shop.de\/magazin\/author\/admin\/\"}]}<\/script>\n<!-- \/ Yoast SEO Premium plugin. -->","yoast_head_json":{"title":"Fahnenmast Garten - Wissenswertes, Tipps & Onlinekauf","description":"Welcher Fahnenmast f\u00fcr Garten? Wissenswertes (Material, erlaubte H\u00f6he, Aufbau), Genehmigung & Nachbarn. Gro\u00dfe Auswahl g\u00fcnstiger Fahnenmasten.","robots":{"index":"index","follow":"follow","max-snippet":"max-snippet:-1","max-image-preview":"max-image-preview:large","max-video-preview":"max-video-preview:-1"},"canonical":"https:\/\/www.fahnenmasten-shop.de\/magazin\/fahnenmast-garten\/","og_locale":"de_DE","og_type":"article","og_title":"Fahnenmast im Garten - Wissenswertes & Onlinekauf","og_description":"Welcher Fahnenmast f\u00fcr Garten? Wissenswertes (Material, erlaubte H\u00f6he, Aufbau), Genehmigung & Nachbarn. Gro\u00dfe Auswahl g\u00fcnstiger Fahnenmasten.","og_url":"https:\/\/www.fahnenmasten-shop.de\/magazin\/fahnenmast-garten\/","og_site_name":"Fahnenmasten Shop Magazin","article_published_time":"2022-02-23T11:12:54+00:00","article_modified_time":"2022-11-23T09:38:36+00:00","og_image":[{"width":692,"height":533,"url":"https:\/\/www.fahnenmasten-shop.de\/magazin\/wp-content\/uploads\/2022\/02\/Screenshot-2022-02-24-at-10-42-52-Fahnenmast-Konfigurator-TUeV-geprueft-jetzt-konfigurieren.png","type":"image\/png"}],"twitter_card":"summary_large_image","twitter_misc":{"Verfasst von":"admin","Gesch\u00e4tzte Lesezeit":"9\u00a0Minuten"},"schema":{"@context":"https:\/\/schema.org","@graph":[{"@type":"WebSite","@id":"https:\/\/www.fahnenmasten-shop.de\/magazin\/#website","url":"https:\/\/www.fahnenmasten-shop.de\/magazin\/","name":"Fahnenmasten Shop Magazin","description":"Eine weitere WordPress-Website","potentialAction":[{"@type":"SearchAction","target":{"@type":"EntryPoint","urlTemplate":"https:\/\/www.fahnenmasten-shop.de\/magazin\/?s={search_term_string}"},"query-input":"required name=search_term_string"}],"inLanguage":"de"},{"@type":"ImageObject","@id":"https:\/\/www.fahnenmasten-shop.de\/magazin\/fahnenmast-garten\/#primaryimage","inLanguage":"de","url":"https:\/\/www.fahnenmasten-shop.de\/magazin\/wp-content\/uploads\/2022\/02\/Screenshot-2022-02-24-at-10-42-52-Fahnenmast-Konfigurator-TUeV-geprueft-jetzt-konfigurieren.png","contentUrl":"https:\/\/www.fahnenmasten-shop.de\/magazin\/wp-content\/uploads\/2022\/02\/Screenshot-2022-02-24-at-10-42-52-Fahnenmast-Konfigurator-TUeV-geprueft-jetzt-konfigurieren.png","width":692,"height":533},{"@type":"WebPage","@id":"https:\/\/www.fahnenmasten-shop.de\/magazin\/fahnenmast-garten\/#webpage","url":"https:\/\/www.fahnenmasten-shop.de\/magazin\/fahnenmast-garten\/","name":"Fahnenmast Garten - Wissenswertes, Tipps & Onlinekauf","isPartOf":{"@id":"https:\/\/www.fahnenmasten-shop.de\/magazin\/#website"},"primaryImageOfPage":{"@id":"https:\/\/www.fahnenmasten-shop.de\/magazin\/fahnenmast-garten\/#primaryimage"},"datePublished":"2022-02-23T11:12:54+00:00","dateModified":"2022-11-23T09:38:36+00:00","author":{"@id":"https:\/\/www.fahnenmasten-shop.de\/magazin\/#\/schema\/person\/a955976088f9a713df9da45dca39a982"},"description":"Welcher Fahnenmast f\u00fcr Garten? Wissenswertes (Material, erlaubte H\u00f6he, Aufbau), Genehmigung & Nachbarn. Gro\u00dfe Auswahl g\u00fcnstiger Fahnenmasten.","breadcrumb":{"@id":"https:\/\/www.fahnenmasten-shop.de\/magazin\/fahnenmast-garten\/#breadcrumb"},"inLanguage":"de","potentialAction":[{"@type":"ReadAction","target":["https:\/\/www.fahnenmasten-shop.de\/magazin\/fahnenmast-garten\/"]}]},{"@type":"BreadcrumbList","@id":"https:\/\/www.fahnenmasten-shop.de\/magazin\/fahnenmast-garten\/#breadcrumb","itemListElement":[{"@type":"ListItem","position":1,"name":"Magazin","item":"https:\/\/www.fahnenmasten-shop.de\/magazin\/"},{"@type":"ListItem","position":2,"name":"Fahnenmast im Garten &#8211; Wissenswertes &#038; Onlinekauf"}]},{"@type":"Person","@id":"https:\/\/www.fahnenmasten-shop.de\/magazin\/#\/schema\/person\/a955976088f9a713df9da45dca39a982","name":"admin","image":{"@type":"ImageObject","@id":"https:\/\/www.fahnenmasten-shop.de\/magazin\/#personlogo","inLanguage":"de","url":"https:\/\/secure.gravatar.com\/avatar\/87871f34e68fada81c8b2d10de871853f840bd8f0ad7aff2ea65fb4c2a471f27?s=96&d=mm&r=g","contentUrl":"https:\/\/secure.gravatar.com\/avatar\/87871f34e68fada81c8b2d10de871853f840bd8f0ad7aff2ea65fb4c2a471f27?s=96&d=mm&r=g","caption":"admin"},"sameAs":["https:\/\/www.fahnenmasten-shop.de\/magazin"],"url":"https:\/\/www.fahnenmasten-shop.de\/magazin\/author\/admin\/"}]}},"_links":{"self":[{"href":"https:\/\/www.fahnenmasten-shop.de\/magazin\/wp-json\/wp\/v2\/posts\/189","targetHints":{"allow":["GET"]}}],"collection":[{"href":"https:\/\/www.fahnenmasten-shop.de\/magazin\/wp-json\/wp\/v2\/posts"}],"about":[{"href":"https:\/\/www.fahnenmasten-shop.de\/magazin\/wp-json\/wp\/v2\/types\/post"}],"author":[{"embeddable":true,"href":"https:\/\/www.fahnenmasten-shop.de\/magazin\/wp-json\/wp\/v2\/users\/1"}],"replies":[{"embeddable":true,"href":"https:\/\/www.fahnenmasten-shop.de\/magazin\/wp-json\/wp\/v2\/comments?post=189"}],"version-history":[{"count":65,"href":"https:\/\/www.fahnenmasten-shop.de\/magazin\/wp-json\/wp\/v2\/posts\/189\/revisions"}],"predecessor-version":[{"id":417,"href":"https:\/\/www.fahnenmasten-shop.de\/magazin\/wp-json\/wp\/v2\/posts\/189\/revisions\/417"}],"wp:featuredmedia":[{"embeddable":true,"href":"https:\/\/www.fahnenmasten-shop.de\/magazin\/wp-json\/wp\/v2\/media\/253"}],"wp:attachment":[{"href":"https:\/\/www.fahnenmasten-shop.de\/magazin\/wp-json\/wp\/v2\/media?parent=189"}],"wp:term":[{"taxonomy":"category","embeddable":true,"href":"https:\/\/www.fahnenmasten-shop.de\/magazin\/wp-json\/wp\/v2\/categories?post=189"},{"taxonomy":"post_tag","embeddable":true,"href":"https:\/\/www.fahnenmasten-shop.de\/magazin\/wp-json\/wp\/v2\/tags?post=189"}],"curies":[{"name":"wp","href":"https:\/\/api.w.org\/{rel}","templated":true}]}}