{"id":362,"date":"2022-06-24T14:35:15","date_gmt":"2022-06-24T12:35:15","guid":{"rendered":"https:\/\/www.fahnenmasten-shop.de\/magazin\/?p=362"},"modified":"2024-02-27T15:03:42","modified_gmt":"2024-02-27T14:03:42","slug":"fahnenmast-aufstellen","status":"publish","type":"post","link":"https:\/\/www.fahnenmasten-shop.de\/magazin\/fahnenmast-aufstellen\/","title":{"rendered":"Fahnenmast: Aufstellen &#038; Befestigung"},"content":{"rendered":"\t\t<div data-elementor-type=\"wp-post\" data-elementor-id=\"362\" class=\"elementor elementor-362\">\n\t\t\t\t\t\t\t\t\t<section class=\"elementor-section elementor-top-section elementor-element elementor-element-d5e560f elementor-section-boxed elementor-section-height-default elementor-section-height-default\" data-id=\"d5e560f\" data-element_type=\"section\">\n\t\t\t\t\t\t<div class=\"elementor-container elementor-column-gap-default\">\n\t\t\t\t\t<div class=\"elementor-column elementor-col-100 elementor-top-column elementor-element elementor-element-d70ac87\" data-id=\"d70ac87\" data-element_type=\"column\">\n\t\t\t<div class=\"elementor-widget-wrap elementor-element-populated\">\n\t\t\t\t\t\t\t\t<div class=\"elementor-element elementor-element-c6a1af5 elementor-widget elementor-widget-text-editor\" data-id=\"c6a1af5\" data-element_type=\"widget\" data-widget_type=\"text-editor.default\">\n\t\t\t\t<div class=\"elementor-widget-container\">\n\t\t\t<style>\/*! elementor - v3.8.1 - 13-11-2022 *\/\n.elementor-widget-text-editor.elementor-drop-cap-view-stacked .elementor-drop-cap{background-color:#818a91;color:#fff}.elementor-widget-text-editor.elementor-drop-cap-view-framed .elementor-drop-cap{color:#818a91;border:3px solid;background-color:transparent}.elementor-widget-text-editor:not(.elementor-drop-cap-view-default) .elementor-drop-cap{margin-top:8px}.elementor-widget-text-editor:not(.elementor-drop-cap-view-default) .elementor-drop-cap-letter{width:1em;height:1em}.elementor-widget-text-editor .elementor-drop-cap{float:left;text-align:center;line-height:1;font-size:50px}.elementor-widget-text-editor .elementor-drop-cap-letter{display:inline-block}<\/style>\t\t\t\t<p>Erfahren Sie hier alles zum Aufstellen von Fahnenmasten und deren Befestigung \u2013 und insbesondere auch zur Frage, ob das ohne Beton m\u00f6glich und f\u00fcr was eine Genehmigung notwendig ist. <\/p>\t\t\t\t\t\t<\/div>\n\t\t\t\t<\/div>\n\t\t\t\t\t<\/div>\n\t\t<\/div>\n\t\t\t\t\t\t\t<\/div>\n\t\t<\/section>\n\t\t\t\t<section class=\"elementor-section elementor-top-section elementor-element elementor-element-abe5d1b elementor-section-boxed elementor-section-height-default elementor-section-height-default\" data-id=\"abe5d1b\" data-element_type=\"section\">\n\t\t\t\t\t\t<div class=\"elementor-container elementor-column-gap-default\">\n\t\t\t\t\t<div class=\"elementor-column elementor-col-100 elementor-top-column elementor-element elementor-element-b9b485d\" data-id=\"b9b485d\" data-element_type=\"column\">\n\t\t\t<div class=\"elementor-widget-wrap elementor-element-populated\">\n\t\t\t\t\t\t\t\t<div class=\"elementor-element elementor-element-f10b9a4 elementor-widget elementor-widget-text-editor\" data-id=\"f10b9a4\" data-element_type=\"widget\" data-widget_type=\"text-editor.default\">\n\t\t\t\t<div class=\"elementor-widget-container\">\n\t\t\t\t\t\t\t<p><em><strong>Inhalte dieser Seite:<\/strong> <a href=\"#fahnenmast-befestigungen-bodenhalterungen\">Befestigung<\/a>\u00a0(<a href=\"#fahnenmast-passform-bodenhuelse\">Steck-H\u00fclse<\/a> | <a href=\"#fahnenmast-kipphalterung\">Kipphalterung<\/a> | <a href=\"#fahnenmast-klemm-halterung\">Klemmhalterung<\/a>) | <a href=\"#fahnenmast-aufstellen-ohne-beton\">ohne Beton?<\/a> | <a href=\"#fahnenmast-ausstellen-genehmigung\">Genehmigung<\/a><\/em><\/p>\t\t\t\t\t\t<\/div>\n\t\t\t\t<\/div>\n\t\t\t\t\t<\/div>\n\t\t<\/div>\n\t\t\t\t\t\t\t<\/div>\n\t\t<\/section>\n\t\t\t\t<section class=\"elementor-section elementor-top-section elementor-element elementor-element-2cd0a39 elementor-section-boxed elementor-section-height-default elementor-section-height-default\" data-id=\"2cd0a39\" data-element_type=\"section\">\n\t\t\t\t\t\t<div class=\"elementor-container elementor-column-gap-default\">\n\t\t\t\t\t<div class=\"elementor-column elementor-col-100 elementor-top-column elementor-element elementor-element-5b00836\" data-id=\"5b00836\" data-element_type=\"column\">\n\t\t\t<div class=\"elementor-widget-wrap elementor-element-populated\">\n\t\t\t\t\t\t\t\t<div class=\"elementor-element elementor-element-bd3a0bb elementor-widget elementor-widget-heading\" data-id=\"bd3a0bb\" data-element_type=\"widget\" data-widget_type=\"heading.default\">\n\t\t\t\t<div class=\"elementor-widget-container\">\n\t\t\t<style>\/*! elementor - v3.8.1 - 13-11-2022 *\/\n.elementor-heading-title{padding:0;margin:0;line-height:1}.elementor-widget-heading .elementor-heading-title[class*=elementor-size-]>a{color:inherit;font-size:inherit;line-height:inherit}.elementor-widget-heading .elementor-heading-title.elementor-size-small{font-size:15px}.elementor-widget-heading .elementor-heading-title.elementor-size-medium{font-size:19px}.elementor-widget-heading .elementor-heading-title.elementor-size-large{font-size:29px}.elementor-widget-heading .elementor-heading-title.elementor-size-xl{font-size:39px}.elementor-widget-heading .elementor-heading-title.elementor-size-xxl{font-size:59px}<\/style><h2 class=\"elementor-heading-title elementor-size-default\">Fahnenmast aufstellen \u2013 aber richtig<\/h2>\t\t<\/div>\n\t\t\t\t<\/div>\n\t\t\t\t\t<\/div>\n\t\t<\/div>\n\t\t\t\t\t\t\t<\/div>\n\t\t<\/section>\n\t\t\t\t<section class=\"elementor-section elementor-top-section elementor-element elementor-element-4bd2c8d elementor-section-boxed elementor-section-height-default elementor-section-height-default\" data-id=\"4bd2c8d\" data-element_type=\"section\">\n\t\t\t\t\t\t<div class=\"elementor-container elementor-column-gap-default\">\n\t\t\t\t\t<div class=\"elementor-column elementor-col-100 elementor-top-column elementor-element elementor-element-f20ac60\" data-id=\"f20ac60\" data-element_type=\"column\">\n\t\t\t<div class=\"elementor-widget-wrap elementor-element-populated\">\n\t\t\t\t\t\t\t\t<div class=\"elementor-element elementor-element-bb94b1d elementor-widget elementor-widget-text-editor\" data-id=\"bb94b1d\" data-element_type=\"widget\" data-widget_type=\"text-editor.default\">\n\t\t\t\t<div class=\"elementor-widget-container\">\n\t\t\t\t\t\t\t<p>Ein Fahnenmast muss stabil stehen und wird deshalb fest verankert. Am einfachsten erfolgt das mit einer Bodenh\u00fclse im Boden. In diese wird dann der Fahnenmast eingesteckt (Alternativ: Kipphalterung). So steht der Mast auch bei Wind stabil. Nur bei besonders starkem Sturm muss er dann eingeholt werden (siehe dazu auch unseren Beitrag zu Fahnenmasten und Sturm).<\/p><p>Auf diese Bodenh\u00fclse wirken aber immer sehr gro\u00dfe Kr\u00e4fte \u2013 gerade bei Wind (und den w\u00fcnscht man sich ja, damit die Fahne auch sch\u00f6n weht). Deshalb muss die Bodenh\u00fclse immer in ein Beton-Fundament eingegossen werden, damit sie stabil im Boden verankert ist und die starken Kr\u00e4fte des Fahnenmastes aush\u00e4lt.<\/p>\t\t\t\t\t\t<\/div>\n\t\t\t\t<\/div>\n\t\t\t\t\t<\/div>\n\t\t<\/div>\n\t\t\t\t\t\t\t<\/div>\n\t\t<\/section>\n\t\t\t\t<section class=\"elementor-section elementor-top-section elementor-element elementor-element-b077f42 elementor-section-boxed elementor-section-height-default elementor-section-height-default\" data-id=\"b077f42\" data-element_type=\"section\">\n\t\t\t\t\t\t<div class=\"elementor-container elementor-column-gap-default\">\n\t\t\t\t\t<div class=\"elementor-column elementor-col-100 elementor-top-column elementor-element elementor-element-2351010\" data-id=\"2351010\" data-element_type=\"column\">\n\t\t\t<div class=\"elementor-widget-wrap elementor-element-populated\">\n\t\t\t\t\t\t\t\t<div class=\"elementor-element elementor-element-8c37160 elementor-widget elementor-widget-image\" data-id=\"8c37160\" data-element_type=\"widget\" data-widget_type=\"image.default\">\n\t\t\t\t<div class=\"elementor-widget-container\">\n\t\t\t<style>\/*! elementor - v3.8.1 - 13-11-2022 *\/\n.elementor-widget-image{text-align:center}.elementor-widget-image a{display:inline-block}.elementor-widget-image a img[src$=\".svg\"]{width:48px}.elementor-widget-image img{vertical-align:middle;display:inline-block}<\/style>\t\t\t\t\t\t\t\t\t\t\t\t<img loading=\"lazy\" decoding=\"async\" width=\"128\" height=\"119\" src=\"https:\/\/www.fahnenmasten-shop.de\/magazin\/wp-content\/uploads\/2022\/02\/fundament.png\" class=\"attachment-large size-large\" alt=\"Bild eines Mast in der betonierten Bodenh\u00e4lse, Zeichnung als Schnitt durch den Boden\" \/>\t\t\t\t\t\t\t\t\t\t\t\t\t\t\t<\/div>\n\t\t\t\t<\/div>\n\t\t\t\t\t<\/div>\n\t\t<\/div>\n\t\t\t\t\t\t\t<\/div>\n\t\t<\/section>\n\t\t\t\t<section class=\"elementor-section elementor-top-section elementor-element elementor-element-ad7e2ef elementor-section-boxed elementor-section-height-default elementor-section-height-default\" data-id=\"ad7e2ef\" data-element_type=\"section\">\n\t\t\t\t\t\t<div class=\"elementor-container elementor-column-gap-default\">\n\t\t\t\t\t<div class=\"elementor-column elementor-col-100 elementor-top-column elementor-element elementor-element-90b6099\" data-id=\"90b6099\" data-element_type=\"column\">\n\t\t\t<div class=\"elementor-widget-wrap elementor-element-populated\">\n\t\t\t\t\t\t\t\t<div class=\"elementor-element elementor-element-12ca11b elementor-widget elementor-widget-text-editor\" data-id=\"12ca11b\" data-element_type=\"widget\" data-widget_type=\"text-editor.default\">\n\t\t\t\t<div class=\"elementor-widget-container\">\n\t\t\t\t\t\t\t<p>Deshalb heben Sie ein ausreichend gro\u00dfes Loch aus, mischen Beton an und betonieren die Bodenh\u00fclse ein (siehe dazu auch unseren Beitrag Fahnenmast Fundament betonieren mit Video). Wichtig: Dieses Fundament muss unbedingt fachm\u00e4nnisch ausgef\u00fchrt werden (was aber nicht hei\u00dft, dass sie einen speziellen Fachmann ben\u00f6tigen, wenn sie das auch selbst fachm\u00e4nnisch machen bzw. k\u00f6nnen).<\/p>\n<p>Der Optik halber kann das Fundament dann nat\u00fcrlich mit Erde \u00fcberdeckt und z.B. Gras darauf ges\u00e4t (oder Platten verlegt) werden. Nur die H\u00fclse muss nat\u00fcrlich oben herausschauen.<\/p>\t\t\t\t\t\t<\/div>\n\t\t\t\t<\/div>\n\t\t\t\t\t<\/div>\n\t\t<\/div>\n\t\t\t\t\t\t\t<\/div>\n\t\t<\/section>\n\t\t\t\t<section class=\"elementor-section elementor-top-section elementor-element elementor-element-a78394f elementor-section-boxed elementor-section-height-default elementor-section-height-default\" data-id=\"a78394f\" data-element_type=\"section\">\n\t\t\t\t\t\t<div class=\"elementor-container elementor-column-gap-default\">\n\t\t\t\t\t<div class=\"elementor-column elementor-col-100 elementor-top-column elementor-element elementor-element-f40d546\" data-id=\"f40d546\" data-element_type=\"column\">\n\t\t\t<div class=\"elementor-widget-wrap elementor-element-populated\">\n\t\t\t\t\t\t\t\t<div class=\"elementor-element elementor-element-6ab055c elementor-widget elementor-widget-heading\" data-id=\"6ab055c\" data-element_type=\"widget\" id=\"fahnenmast-befestigungen-bodenhalterungen\" data-widget_type=\"heading.default\">\n\t\t\t\t<div class=\"elementor-widget-container\">\n\t\t\t<h2 class=\"elementor-heading-title elementor-size-default\">Die Befestigungsm\u00f6glichkeiten: Bodenhalterungen f\u00fcr Fahnenmasten<\/h2>\t\t<\/div>\n\t\t\t\t<\/div>\n\t\t\t\t\t<\/div>\n\t\t<\/div>\n\t\t\t\t\t\t\t<\/div>\n\t\t<\/section>\n\t\t\t\t<section class=\"elementor-section elementor-top-section elementor-element elementor-element-e2b7ed5 elementor-section-boxed elementor-section-height-default elementor-section-height-default\" data-id=\"e2b7ed5\" data-element_type=\"section\">\n\t\t\t\t\t\t<div class=\"elementor-container elementor-column-gap-default\">\n\t\t\t\t\t<div class=\"elementor-column elementor-col-100 elementor-top-column elementor-element elementor-element-a90b6ee\" data-id=\"a90b6ee\" data-element_type=\"column\">\n\t\t\t<div class=\"elementor-widget-wrap elementor-element-populated\">\n\t\t\t\t\t\t\t\t<div class=\"elementor-element elementor-element-42bcd41 elementor-widget elementor-widget-text-editor\" data-id=\"42bcd41\" data-element_type=\"widget\" data-widget_type=\"text-editor.default\">\n\t\t\t\t<div class=\"elementor-widget-container\">\n\t\t\t\t\t\t\t<p>\u00dcblich und oft am preisg\u00fcnstigsten ist f\u00fcr das Aufstellen von Fahnenmasten die im Folgenden zuerst vorgestellte Passform-Bodenh\u00fclse. Es gibt aber noch andere verschiedene Alternativen f\u00fcr die Bodenhalterungen, die wir ihnen im Anschluss ebenfalls zeigen.<\/p><p>Beachten Sie dazu auch unser <a href=\"https:\/\/www.fahnenmasten-shop.de\/pdf\/417.pdf\" target=\"_blank\" rel=\"noopener\">PDF zum Download rund um Befestigungsm\u00f6glichkeiten<\/a> und Bodenh\u00fclsen f\u00fcr Fahnenmasten.<\/p>\t\t\t\t\t\t<\/div>\n\t\t\t\t<\/div>\n\t\t\t\t\t<\/div>\n\t\t<\/div>\n\t\t\t\t\t\t\t<\/div>\n\t\t<\/section>\n\t\t\t\t<section class=\"elementor-section elementor-top-section elementor-element elementor-element-4ccbfb8 elementor-section-boxed elementor-section-height-default elementor-section-height-default\" data-id=\"4ccbfb8\" data-element_type=\"section\">\n\t\t\t\t\t\t<div class=\"elementor-container elementor-column-gap-default\">\n\t\t\t\t\t<div class=\"elementor-column elementor-col-100 elementor-top-column elementor-element elementor-element-ef599c8\" data-id=\"ef599c8\" data-element_type=\"column\">\n\t\t\t<div class=\"elementor-widget-wrap elementor-element-populated\">\n\t\t\t\t\t\t\t\t<div class=\"elementor-element elementor-element-3fe316a elementor-widget elementor-widget-heading\" data-id=\"3fe316a\" data-element_type=\"widget\" id=\"fahnenmast-passform-bodenhuelse\" data-widget_type=\"heading.default\">\n\t\t\t\t<div class=\"elementor-widget-container\">\n\t\t\t<h3 class=\"elementor-heading-title elementor-size-default\">Das Meistverwendete: Mit Passform-Bodenh\u00fclse aufstellen<\/h3>\t\t<\/div>\n\t\t\t\t<\/div>\n\t\t\t\t\t<\/div>\n\t\t<\/div>\n\t\t\t\t\t\t\t<\/div>\n\t\t<\/section>\n\t\t\t\t<section class=\"elementor-section elementor-top-section elementor-element elementor-element-98c0971 elementor-section-boxed elementor-section-height-default elementor-section-height-default\" data-id=\"98c0971\" data-element_type=\"section\">\n\t\t\t\t\t\t<div class=\"elementor-container elementor-column-gap-default\">\n\t\t\t\t\t<div class=\"elementor-column elementor-col-100 elementor-top-column elementor-element elementor-element-8180c6b\" data-id=\"8180c6b\" data-element_type=\"column\">\n\t\t\t<div class=\"elementor-widget-wrap elementor-element-populated\">\n\t\t\t\t\t\t\t\t<div class=\"elementor-element elementor-element-1f66510 elementor-widget elementor-widget-text-editor\" data-id=\"1f66510\" data-element_type=\"widget\" data-widget_type=\"text-editor.default\">\n\t\t\t\t<div class=\"elementor-widget-container\">\n\t\t\t\t\t\t\t<p>Die Passform-Bodenh\u00fclse ist die Standard-Befestigungsart f\u00fcr Fahnenmasten in den Durchmessern 75, 90, 114 und 135 mm. Die Bodenh\u00fclse ist dabei genau so gro\u00df, dass der Fahnenmasten ganz exakt und b\u00fcndig in diese hineingesteckt werden kann und so stabil steht. Es kann ein bodenb\u00fcndiger Einbau erfolgen, falls der Mast zeitweise entnommen wird und die H\u00fclse begehbar sein muss.<\/p><p>Die Fahnenmaste bleiben \u00fcblicherweise dauernd aufgerichtet in der Bodenh\u00fclse, k\u00f6nnen aber dennoch bei Notwendigkeit herausgenommen werden (z.B. bei Sturm).<\/p>\t\t\t\t\t\t<\/div>\n\t\t\t\t<\/div>\n\t\t\t\t\t<\/div>\n\t\t<\/div>\n\t\t\t\t\t\t\t<\/div>\n\t\t<\/section>\n\t\t\t\t<section class=\"elementor-section elementor-top-section elementor-element elementor-element-fe34b47 elementor-section-boxed elementor-section-height-default elementor-section-height-default\" data-id=\"fe34b47\" data-element_type=\"section\">\n\t\t\t\t\t\t<div class=\"elementor-container elementor-column-gap-default\">\n\t\t\t\t\t<div class=\"elementor-column elementor-col-100 elementor-top-column elementor-element elementor-element-a7fd7a8\" data-id=\"a7fd7a8\" data-element_type=\"column\">\n\t\t\t<div class=\"elementor-widget-wrap elementor-element-populated\">\n\t\t\t\t\t\t\t\t<div class=\"elementor-element elementor-element-1c33905 elementor-widget elementor-widget-heading\" data-id=\"1c33905\" data-element_type=\"widget\" data-widget_type=\"heading.default\">\n\t\t\t\t<div class=\"elementor-widget-container\">\n\t\t\t<h3 class=\"elementor-heading-title elementor-size-default\">Zentrierh\u00fclsen f\u00fcr Fahnenmasten<\/h3>\t\t<\/div>\n\t\t\t\t<\/div>\n\t\t\t\t\t<\/div>\n\t\t<\/div>\n\t\t\t\t\t\t\t<\/div>\n\t\t<\/section>\n\t\t\t\t<section class=\"elementor-section elementor-top-section elementor-element elementor-element-620cd46 elementor-section-boxed elementor-section-height-default elementor-section-height-default\" data-id=\"620cd46\" data-element_type=\"section\">\n\t\t\t\t\t\t<div class=\"elementor-container elementor-column-gap-default\">\n\t\t\t\t\t<div class=\"elementor-column elementor-col-100 elementor-top-column elementor-element elementor-element-d75c3b5\" data-id=\"d75c3b5\" data-element_type=\"column\">\n\t\t\t<div class=\"elementor-widget-wrap elementor-element-populated\">\n\t\t\t\t\t\t\t\t<div class=\"elementor-element elementor-element-f118736 elementor-widget elementor-widget-text-editor\" data-id=\"f118736\" data-element_type=\"widget\" data-widget_type=\"text-editor.default\">\n\t\t\t\t<div class=\"elementor-widget-container\">\n\t\t\t\t\t\t\t<p>In der Einbauvariante \u201eZentrierh\u00fclse\u201c ist am Mastrohr in H\u00f6he des H\u00fclsenrandes ein Zentrierring fest aufgeschraubt. Dieser Zentrierring passt aufgrund der ma\u00dfgenauen Fertigung spaltfrei in die Zentrierh\u00fclse, die im Innendurchmesser ca. 10 mm gr\u00f6\u00dfer ist als der Mastrohr-Durchmesser. Der Bund des Zentrierringes schlie\u00dft die Zentrierh\u00fclse nach oben ab, Schmutzeintrag in die Bodenh\u00fclse wird ausgeschlossen.<\/p><p>Als Gegenlager f\u00fcr das Mastrohr dient die mit dem H\u00fclsenboden fest verbundene Fu\u00dfzentrierung. Durch diese Einbauweise l\u00e4sst sich das Mastrohr zum einen leicht und sicher einstellen, zum anderen &#8211; auch nach Jahren &#8211; wieder leicht entnehmen.<\/p><p>Zentrierh\u00fclsen sind hergestellt aus dickwandigen Alu-Rundrohren. Sehr vorteilhaft ist die zus\u00e4tzliche Ausr\u00fcstung der Zentrierh\u00fclsen mit Vorrichtungen zum Verdreh- und Entnahmeschutz.<\/p><p>Die Zentrierh\u00fclsen gibt es f\u00fcr zylindrische Mastrohre mit Durchmesser 90 und 100 mm sowie f\u00fcr konische Mastrohre mit Durchmesser 114, 135, 145 und 177 mm.<\/p>\t\t\t\t\t\t<\/div>\n\t\t\t\t<\/div>\n\t\t\t\t\t<\/div>\n\t\t<\/div>\n\t\t\t\t\t\t\t<\/div>\n\t\t<\/section>\n\t\t\t\t<section class=\"elementor-section elementor-top-section elementor-element elementor-element-afe21fc elementor-section-boxed elementor-section-height-default elementor-section-height-default\" data-id=\"afe21fc\" data-element_type=\"section\">\n\t\t\t\t\t\t<div class=\"elementor-container elementor-column-gap-default\">\n\t\t\t\t\t<div class=\"elementor-column elementor-col-100 elementor-top-column elementor-element elementor-element-da07138\" data-id=\"da07138\" data-element_type=\"column\">\n\t\t\t<div class=\"elementor-widget-wrap elementor-element-populated\">\n\t\t\t\t\t\t\t\t<div class=\"elementor-element elementor-element-73ec58f elementor-widget elementor-widget-image\" data-id=\"73ec58f\" data-element_type=\"widget\" data-widget_type=\"image.default\">\n\t\t\t\t<div class=\"elementor-widget-container\">\n\t\t\t\t\t\t\t\t\t\t\t\t\t\t\t<img loading=\"lazy\" decoding=\"async\" width=\"304\" height=\"230\" src=\"https:\/\/www.fahnenmasten-shop.de\/magazin\/wp-content\/uploads\/2022\/06\/zentrierhuelse-zum-fahnenmast-aufstellen.jpg\" class=\"attachment-large size-large\" alt=\"Abbildung einer Zentrierh\u00fclse\" srcset=\"https:\/\/www.fahnenmasten-shop.de\/magazin\/wp-content\/uploads\/2022\/06\/zentrierhuelse-zum-fahnenmast-aufstellen.jpg 304w, https:\/\/www.fahnenmasten-shop.de\/magazin\/wp-content\/uploads\/2022\/06\/zentrierhuelse-zum-fahnenmast-aufstellen-300x227.jpg 300w\" sizes=\"auto, (max-width: 304px) 100vw, 304px\" \/>\t\t\t\t\t\t\t\t\t\t\t\t\t\t\t<\/div>\n\t\t\t\t<\/div>\n\t\t\t\t\t<\/div>\n\t\t<\/div>\n\t\t\t\t\t\t\t<\/div>\n\t\t<\/section>\n\t\t\t\t<section class=\"elementor-section elementor-top-section elementor-element elementor-element-c490c35 elementor-section-boxed elementor-section-height-default elementor-section-height-default\" data-id=\"c490c35\" data-element_type=\"section\">\n\t\t\t\t\t\t<div class=\"elementor-container elementor-column-gap-default\">\n\t\t\t\t\t<div class=\"elementor-column elementor-col-100 elementor-top-column elementor-element elementor-element-fb9579a\" data-id=\"fb9579a\" data-element_type=\"column\">\n\t\t\t<div class=\"elementor-widget-wrap elementor-element-populated\">\n\t\t\t\t\t\t\t\t<div class=\"elementor-element elementor-element-b080b32 elementor-widget elementor-widget-text-editor\" data-id=\"b080b32\" data-element_type=\"widget\" data-widget_type=\"text-editor.default\">\n\t\t\t\t<div class=\"elementor-widget-container\">\n\t\t\t\t\t\t\t<p>Au\u00dferdem gibt es spezielle Versionen mit Verdreh- und Entnahmeschutz.<\/p><p>In der Ausf\u00fchrung f\u00fcr die zylindrischen Mastrohre ist der Zentrierring zus\u00e4tzlich mit einem in der Mastnut liegenden Klemmb\u00fcgel ausgestattet. Durch Festdrehen einer im Bund des Zentrierringes einliegenden Imbusschraube fixiert der Klemmb\u00fcgel das Mastrohr in beliebiger Ausrichtung in der Zentrierh\u00fclse. Beim Einbau der Zentrierh\u00fclse in das Fundament braucht die sp\u00e4tere Ausrichtung der Hissvorrichtung der Masten nicht beachtet werden.<\/p><p>Bei Zentrierh\u00fclsen mit Verdreh- und Entnahmeschutz f\u00fcr konische Mastrohre besitzt der Zentrierring auf der Seite des H\u00fclseneinstandes eine s-f\u00f6rmige Ausfr\u00e4sung. Passend zur Lage und Breite dieser Ausfr\u00e4sung ist in der Zentrierh\u00fclse 15 mm unterhalb des H\u00fclsenrandes ein Innenzapfen eingeschwei\u00dft. Beim Einstellen des Mastrohres f\u00e4delt der Zapfen in die s-f\u00f6rmige Ausfr\u00e4sung und bewirkt dadurch den Verdreh- und Entnahmeschutz. Zum Entnehmen des Mastrohres ist dieses zun\u00e4chst anzuheben, gegen den Uhrzeigersinn zu drehen und dann erneut anzuheben. Nur auf diese Weise ist die Entnahme m\u00f6glich. Beim Einbau der Zentrierh\u00fclse ist die sp\u00e4tere Mastausrichtung zu ber\u00fccksichtigen, der Innenzapfen zeigt zur Seite der Hissvorrichtung. Achtung: Zentrierh\u00fclsen lotrecht einbauen, da keine Justierm\u00f6glichkeit.<\/p>\t\t\t\t\t\t<\/div>\n\t\t\t\t<\/div>\n\t\t\t\t\t<\/div>\n\t\t<\/div>\n\t\t\t\t\t\t\t<\/div>\n\t\t<\/section>\n\t\t\t\t<section class=\"elementor-section elementor-top-section elementor-element elementor-element-5d466b1 elementor-section-boxed elementor-section-height-default elementor-section-height-default\" data-id=\"5d466b1\" data-element_type=\"section\">\n\t\t\t\t\t\t<div class=\"elementor-container elementor-column-gap-default\">\n\t\t\t\t\t<div class=\"elementor-column elementor-col-100 elementor-top-column elementor-element elementor-element-0675495\" data-id=\"0675495\" data-element_type=\"column\">\n\t\t\t<div class=\"elementor-widget-wrap elementor-element-populated\">\n\t\t\t\t\t\t\t\t<div class=\"elementor-element elementor-element-d712a18 elementor-widget elementor-widget-heading\" data-id=\"d712a18\" data-element_type=\"widget\" id=\"fahnenmast-kipphalterung\" data-widget_type=\"heading.default\">\n\t\t\t\t<div class=\"elementor-widget-container\">\n\t\t\t<h3 class=\"elementor-heading-title elementor-size-default\">Fahnenmast mit Kipphalterungen aufstellen<\/h3>\t\t<\/div>\n\t\t\t\t<\/div>\n\t\t\t\t\t<\/div>\n\t\t<\/div>\n\t\t\t\t\t\t\t<\/div>\n\t\t<\/section>\n\t\t\t\t<section class=\"elementor-section elementor-top-section elementor-element elementor-element-dc7cc03 elementor-section-boxed elementor-section-height-default elementor-section-height-default\" data-id=\"dc7cc03\" data-element_type=\"section\">\n\t\t\t\t\t\t<div class=\"elementor-container elementor-column-gap-default\">\n\t\t\t\t\t<div class=\"elementor-column elementor-col-100 elementor-top-column elementor-element elementor-element-61b210d\" data-id=\"61b210d\" data-element_type=\"column\">\n\t\t\t<div class=\"elementor-widget-wrap elementor-element-populated\">\n\t\t\t\t\t\t\t\t<div class=\"elementor-element elementor-element-2b1c80c elementor-widget elementor-widget-text-editor\" data-id=\"2b1c80c\" data-element_type=\"widget\" data-widget_type=\"text-editor.default\">\n\t\t\t\t<div class=\"elementor-widget-container\">\n\t\t\t\t\t\t\t<p>Bei der Kipphalterung muss der Fahnenmast nicht aus der Bodenh\u00fclse gehoben werden, sondern wird (nach l\u00f6sen der betreffenden Arretierungen) einfach an einem Scharnier umgekippt. Mit einer solchen Kipphalterung k\u00f6nnen Masten h\u00e4ndisch aufgerichtet werden. Verf\u00fcgbar sind Kipphalterungen zum Aufstellen von Fahnenmasten bis zu einer Nennh\u00f6he von 10 m (zylindrisch) bzw. 12 m (konisch) sowie f\u00fcr 90, 100, 114, 135, 145 und 177 mm Durchmesser.<\/p><p>Das Scharnier ist mit einem Handgriff l\u00f6sbar. Au\u00dferdem ist das Sockelteil f\u00fcr den Fundamenteinbau vorab lieferbar. und so k\u00f6nnen bei Anlieferung der Fahnenmasten sofort aufgerichtet werden.<\/p><p>Die L\u00e4nge der Zuganker betr\u00e4gt 500 mm und ein Einbau ist in beliebige Fl\u00e4chen m\u00f6glich. Das Mastrohr kann mit Stellmuttern justiert werden. Achtung: Sockelteil ist nach Wegnahme des Mastrohres weder begehbar noch befahrbar, da Zuganker \u00fcberstehen. Sonderanfertigung auf Anfrage.<\/p><p>Mehr zu empfohlenen Fundamentgr\u00f6\u00dfen oder Sicherheitsstandard in unserem <a href=\"https:\/\/www.fahnenmasten-shop.de\/pdf\/417.pdf\" target=\"_blank\" rel=\"noopener\">PDF zum Download<\/a>.<\/p>\t\t\t\t\t\t<\/div>\n\t\t\t\t<\/div>\n\t\t\t\t\t<\/div>\n\t\t<\/div>\n\t\t\t\t\t\t\t<\/div>\n\t\t<\/section>\n\t\t\t\t<section class=\"elementor-section elementor-top-section elementor-element elementor-element-361590d elementor-section-boxed elementor-section-height-default elementor-section-height-default\" data-id=\"361590d\" data-element_type=\"section\">\n\t\t\t\t\t\t<div class=\"elementor-container elementor-column-gap-default\">\n\t\t\t\t\t<div class=\"elementor-column elementor-col-100 elementor-top-column elementor-element elementor-element-45d312f\" data-id=\"45d312f\" data-element_type=\"column\">\n\t\t\t<div class=\"elementor-widget-wrap elementor-element-populated\">\n\t\t\t\t\t\t\t\t<div class=\"elementor-element elementor-element-435ac1e elementor-widget elementor-widget-image\" data-id=\"435ac1e\" data-element_type=\"widget\" data-widget_type=\"image.default\">\n\t\t\t\t<div class=\"elementor-widget-container\">\n\t\t\t\t\t\t\t\t\t\t\t\t\t\t\t<img loading=\"lazy\" decoding=\"async\" width=\"218\" height=\"289\" src=\"https:\/\/www.fahnenmasten-shop.de\/magazin\/wp-content\/uploads\/2022\/06\/fahnenmast-aufstellen-mit-kipphalterung.png\" class=\"attachment-large size-large\" alt=\"Skizze einer Kipphalter\" \/>\t\t\t\t\t\t\t\t\t\t\t\t\t\t\t<\/div>\n\t\t\t\t<\/div>\n\t\t\t\t\t<\/div>\n\t\t<\/div>\n\t\t\t\t\t\t\t<\/div>\n\t\t<\/section>\n\t\t\t\t<section class=\"elementor-section elementor-top-section elementor-element elementor-element-4d3f651 elementor-section-boxed elementor-section-height-default elementor-section-height-default\" data-id=\"4d3f651\" data-element_type=\"section\">\n\t\t\t\t\t\t<div class=\"elementor-container elementor-column-gap-default\">\n\t\t\t\t\t<div class=\"elementor-column elementor-col-100 elementor-top-column elementor-element elementor-element-855915c\" data-id=\"855915c\" data-element_type=\"column\">\n\t\t\t<div class=\"elementor-widget-wrap elementor-element-populated\">\n\t\t\t\t\t\t\t\t<div class=\"elementor-element elementor-element-1aa9730 elementor-widget elementor-widget-heading\" data-id=\"1aa9730\" data-element_type=\"widget\" data-widget_type=\"heading.default\">\n\t\t\t\t<div class=\"elementor-widget-container\">\n\t\t\t<h3 class=\"elementor-heading-title elementor-size-default\">Justierhalterung mit Vibrationsd\u00e4mpfung<\/h3>\t\t<\/div>\n\t\t\t\t<\/div>\n\t\t\t\t\t<\/div>\n\t\t<\/div>\n\t\t\t\t\t\t\t<\/div>\n\t\t<\/section>\n\t\t\t\t<section class=\"elementor-section elementor-top-section elementor-element elementor-element-de8b6fb elementor-section-boxed elementor-section-height-default elementor-section-height-default\" data-id=\"de8b6fb\" data-element_type=\"section\">\n\t\t\t\t\t\t<div class=\"elementor-container elementor-column-gap-default\">\n\t\t\t\t\t<div class=\"elementor-column elementor-col-100 elementor-top-column elementor-element elementor-element-915c42a\" data-id=\"915c42a\" data-element_type=\"column\">\n\t\t\t<div class=\"elementor-widget-wrap elementor-element-populated\">\n\t\t\t\t\t\t\t\t<div class=\"elementor-element elementor-element-97a290d elementor-widget elementor-widget-text-editor\" data-id=\"97a290d\" data-element_type=\"widget\" data-widget_type=\"text-editor.default\">\n\t\t\t\t<div class=\"elementor-widget-container\">\n\t\t\t\t\t\t\t<p>Herzst\u00fcck der Justierhalterung ist der Kunststoffexcenter, mit dem Schiefstellungen in der Bodenh\u00fclse von bis zu 3 Grad ausgeglichen werden k\u00f6nnen.<\/p><p>Zudem absorbiert der Kunststoffexcenter Vibrationen des Mastrohres und verhindert dadurch sch\u00e4dliche Einwirkungen. Weiterhin bewirkt das Klemmsystem einen effizienten Verdreh- und Entnahmeschutz.<\/p><p>Hergestellt aus feuerverzinktem Stahl ist die Justierhalterung die ideale Einbau Variante f\u00fcr Fahnenmaste im Durchmesser von 90 und 100 mm bei Nennh\u00f6hen \u00d8 6\/7\/8\/9 m.<\/p><p>\u00a0<\/p>\t\t\t\t\t\t<\/div>\n\t\t\t\t<\/div>\n\t\t\t\t\t<\/div>\n\t\t<\/div>\n\t\t\t\t\t\t\t<\/div>\n\t\t<\/section>\n\t\t\t\t<section class=\"elementor-section elementor-top-section elementor-element elementor-element-35e9bd8 elementor-section-boxed elementor-section-height-default elementor-section-height-default\" data-id=\"35e9bd8\" data-element_type=\"section\">\n\t\t\t\t\t\t<div class=\"elementor-container elementor-column-gap-default\">\n\t\t\t\t\t<div class=\"elementor-column elementor-col-100 elementor-top-column elementor-element elementor-element-5ed3c3e\" data-id=\"5ed3c3e\" data-element_type=\"column\">\n\t\t\t<div class=\"elementor-widget-wrap elementor-element-populated\">\n\t\t\t\t\t\t\t\t<div class=\"elementor-element elementor-element-6d76091 elementor-widget elementor-widget-image\" data-id=\"6d76091\" data-element_type=\"widget\" data-widget_type=\"image.default\">\n\t\t\t\t<div class=\"elementor-widget-container\">\n\t\t\t\t\t\t\t\t\t\t\t\t\t\t\t<img loading=\"lazy\" decoding=\"async\" width=\"242\" height=\"238\" src=\"https:\/\/www.fahnenmasten-shop.de\/magazin\/wp-content\/uploads\/2022\/06\/justierhalterung.png\" class=\"attachment-large size-large\" alt=\"Skizze einer Justierhalterung\" \/>\t\t\t\t\t\t\t\t\t\t\t\t\t\t\t<\/div>\n\t\t\t\t<\/div>\n\t\t\t\t\t<\/div>\n\t\t<\/div>\n\t\t\t\t\t\t\t<\/div>\n\t\t<\/section>\n\t\t\t\t<section class=\"elementor-section elementor-top-section elementor-element elementor-element-0983a5f elementor-section-boxed elementor-section-height-default elementor-section-height-default\" data-id=\"0983a5f\" data-element_type=\"section\">\n\t\t\t\t\t\t<div class=\"elementor-container elementor-column-gap-default\">\n\t\t\t\t\t<div class=\"elementor-column elementor-col-100 elementor-top-column elementor-element elementor-element-399c4f4\" data-id=\"399c4f4\" data-element_type=\"column\">\n\t\t\t<div class=\"elementor-widget-wrap elementor-element-populated\">\n\t\t\t\t\t\t\t\t<div class=\"elementor-element elementor-element-7f24acb elementor-widget elementor-widget-heading\" data-id=\"7f24acb\" data-element_type=\"widget\" id=\"fahnenmast-klemm-halterung\" data-widget_type=\"heading.default\">\n\t\t\t\t<div class=\"elementor-widget-container\">\n\t\t\t<h3 class=\"elementor-heading-title elementor-size-default\">Aufstellung auf \u00f6ffentlichen Pl\u00e4tzen: Bodenhalterung Vario<\/h3>\t\t<\/div>\n\t\t\t\t<\/div>\n\t\t\t\t\t<\/div>\n\t\t<\/div>\n\t\t\t\t\t\t\t<\/div>\n\t\t<\/section>\n\t\t\t\t<section class=\"elementor-section elementor-top-section elementor-element elementor-element-079d856 elementor-section-boxed elementor-section-height-default elementor-section-height-default\" data-id=\"079d856\" data-element_type=\"section\">\n\t\t\t\t\t\t<div class=\"elementor-container elementor-column-gap-default\">\n\t\t\t\t\t<div class=\"elementor-column elementor-col-100 elementor-top-column elementor-element elementor-element-6c2f822\" data-id=\"6c2f822\" data-element_type=\"column\">\n\t\t\t<div class=\"elementor-widget-wrap elementor-element-populated\">\n\t\t\t\t\t\t\t\t<div class=\"elementor-element elementor-element-f4c80dd elementor-widget elementor-widget-text-editor\" data-id=\"f4c80dd\" data-element_type=\"widget\" data-widget_type=\"text-editor.default\">\n\t\t\t\t<div class=\"elementor-widget-container\">\n\t\t\t\t\t\t\t<p>Die Bodenhalterung Vario 90\/150 ist die ideale Einbauvariante f\u00fcr die Aufstellung von Fahnenmasten auf einem \u00f6ffentlichen Platz. Das stabile Geh\u00e4use ist hergestellt als feuerverzinkte Stahl-Schwei\u00dfkonstruktion, Deckel und Blendrahmen aus rutschhemmend ausgebildetem Blech.<\/p><p>\u00a0<\/p>\t\t\t\t\t\t<\/div>\n\t\t\t\t<\/div>\n\t\t\t\t\t<\/div>\n\t\t<\/div>\n\t\t\t\t\t\t\t<\/div>\n\t\t<\/section>\n\t\t\t\t<section class=\"elementor-section elementor-top-section elementor-element elementor-element-0545c9c elementor-section-boxed elementor-section-height-default elementor-section-height-default\" data-id=\"0545c9c\" data-element_type=\"section\">\n\t\t\t\t\t\t<div class=\"elementor-container elementor-column-gap-default\">\n\t\t\t\t\t<div class=\"elementor-column elementor-col-100 elementor-top-column elementor-element elementor-element-40fde06\" data-id=\"40fde06\" data-element_type=\"column\">\n\t\t\t<div class=\"elementor-widget-wrap elementor-element-populated\">\n\t\t\t\t\t\t\t\t<div class=\"elementor-element elementor-element-42c4327 elementor-widget elementor-widget-image\" data-id=\"42c4327\" data-element_type=\"widget\" data-widget_type=\"image.default\">\n\t\t\t\t<div class=\"elementor-widget-container\">\n\t\t\t\t\t\t\t\t\t\t\t\t\t\t\t<img loading=\"lazy\" decoding=\"async\" width=\"356\" height=\"248\" src=\"https:\/\/www.fahnenmasten-shop.de\/magazin\/wp-content\/uploads\/2022\/06\/bodenhalterung-vario-foto.jpg\" class=\"attachment-large size-large\" alt=\"Bild der Bodenhalterung Vario\" srcset=\"https:\/\/www.fahnenmasten-shop.de\/magazin\/wp-content\/uploads\/2022\/06\/bodenhalterung-vario-foto.jpg 356w, https:\/\/www.fahnenmasten-shop.de\/magazin\/wp-content\/uploads\/2022\/06\/bodenhalterung-vario-foto-300x209.jpg 300w\" sizes=\"auto, (max-width: 356px) 100vw, 356px\" \/>\t\t\t\t\t\t\t\t\t\t\t\t\t\t\t<\/div>\n\t\t\t\t<\/div>\n\t\t\t\t\t<\/div>\n\t\t<\/div>\n\t\t\t\t\t\t\t<\/div>\n\t\t<\/section>\n\t\t\t\t<section class=\"elementor-section elementor-top-section elementor-element elementor-element-d22292b elementor-section-boxed elementor-section-height-default elementor-section-height-default\" data-id=\"d22292b\" data-element_type=\"section\">\n\t\t\t\t\t\t<div class=\"elementor-container elementor-column-gap-default\">\n\t\t\t\t\t<div class=\"elementor-column elementor-col-100 elementor-top-column elementor-element elementor-element-3b41e6e\" data-id=\"3b41e6e\" data-element_type=\"column\">\n\t\t\t<div class=\"elementor-widget-wrap elementor-element-populated\">\n\t\t\t\t\t\t\t\t<div class=\"elementor-element elementor-element-019f719 elementor-widget elementor-widget-text-editor\" data-id=\"019f719\" data-element_type=\"widget\" data-widget_type=\"text-editor.default\">\n\t\t\t\t<div class=\"elementor-widget-container\">\n\t\t\t\t\t\t\t<p>Diese Bodenh\u00fclse ist f\u00fcr die Aufstellung auf \u00f6ffentlichen Pl\u00e4tzen besonders gut geeignet, da sie begehbar und befahrbar ist (Einbau immer bodenb\u00fcndig), der Deckel mit Sechskantschl\u00fcssel sperrbar ist und das Mastrohr beim Aufstellen leicht einzustellen und entnehmbar ist. Sie bietet ein 2-Punkt-Klemmsystem mit Druckverteilerschiene. Ein b\u00fcndig einliegender Deckel dient zum Verkeilen der Druckverteilerschiene. Geignet f\u00fcr alle Rohrquerschnitte zwischen 90 und 150 mm.<\/p><p>Achtung: <strong>immer sofort Lotrecht einbauen<\/strong>, da keine Justierm\u00f6glichkeit.<\/p>\t\t\t\t\t\t<\/div>\n\t\t\t\t<\/div>\n\t\t\t\t\t<\/div>\n\t\t<\/div>\n\t\t\t\t\t\t\t<\/div>\n\t\t<\/section>\n\t\t\t\t<section class=\"elementor-section elementor-top-section elementor-element elementor-element-025dd0b elementor-section-boxed elementor-section-height-default elementor-section-height-default\" data-id=\"025dd0b\" data-element_type=\"section\">\n\t\t\t\t\t\t<div class=\"elementor-container elementor-column-gap-default\">\n\t\t\t\t\t<div class=\"elementor-column elementor-col-100 elementor-top-column elementor-element elementor-element-4bd99b3\" data-id=\"4bd99b3\" data-element_type=\"column\">\n\t\t\t<div class=\"elementor-widget-wrap elementor-element-populated\">\n\t\t\t\t\t\t\t\t<div class=\"elementor-element elementor-element-2c54cf9 elementor-widget elementor-widget-image\" data-id=\"2c54cf9\" data-element_type=\"widget\" data-widget_type=\"image.default\">\n\t\t\t\t<div class=\"elementor-widget-container\">\n\t\t\t\t\t\t\t\t\t\t\t\t\t\t\t<img loading=\"lazy\" decoding=\"async\" width=\"243\" height=\"236\" src=\"https:\/\/www.fahnenmasten-shop.de\/magazin\/wp-content\/uploads\/2022\/06\/bodenhalterung-vario-skizze.png\" class=\"attachment-large size-large\" alt=\"Skizze der Bodenhalterung Vario\" \/>\t\t\t\t\t\t\t\t\t\t\t\t\t\t\t<\/div>\n\t\t\t\t<\/div>\n\t\t\t\t\t<\/div>\n\t\t<\/div>\n\t\t\t\t\t\t\t<\/div>\n\t\t<\/section>\n\t\t\t\t<section class=\"elementor-section elementor-top-section elementor-element elementor-element-d2f775f elementor-section-boxed elementor-section-height-default elementor-section-height-default\" data-id=\"d2f775f\" data-element_type=\"section\">\n\t\t\t\t\t\t<div class=\"elementor-container elementor-column-gap-default\">\n\t\t\t\t\t<div class=\"elementor-column elementor-col-100 elementor-top-column elementor-element elementor-element-3f6495d\" data-id=\"3f6495d\" data-element_type=\"column\">\n\t\t\t<div class=\"elementor-widget-wrap elementor-element-populated\">\n\t\t\t\t\t\t\t\t<div class=\"elementor-element elementor-element-1120b5a elementor-widget elementor-widget-heading\" data-id=\"1120b5a\" data-element_type=\"widget\" id=\"fahnenmast-aufstellen-ohne-beton\" data-widget_type=\"heading.default\">\n\t\t\t\t<div class=\"elementor-widget-container\">\n\t\t\t<h3 class=\"elementor-heading-title elementor-size-default\">Fahnenmast aufstellen ohne Beton?<\/h3>\t\t<\/div>\n\t\t\t\t<\/div>\n\t\t\t\t\t<\/div>\n\t\t<\/div>\n\t\t\t\t\t\t\t<\/div>\n\t\t<\/section>\n\t\t\t\t<section class=\"elementor-section elementor-top-section elementor-element elementor-element-510d0b7 elementor-section-boxed elementor-section-height-default elementor-section-height-default\" data-id=\"510d0b7\" data-element_type=\"section\">\n\t\t\t\t\t\t<div class=\"elementor-container elementor-column-gap-default\">\n\t\t\t\t\t<div class=\"elementor-column elementor-col-100 elementor-top-column elementor-element elementor-element-8c23819\" data-id=\"8c23819\" data-element_type=\"column\">\n\t\t\t<div class=\"elementor-widget-wrap elementor-element-populated\">\n\t\t\t\t\t\t\t\t<div class=\"elementor-element elementor-element-ce9e8b7 elementor-widget elementor-widget-text-editor\" data-id=\"ce9e8b7\" data-element_type=\"widget\" data-widget_type=\"text-editor.default\">\n\t\t\t\t<div class=\"elementor-widget-container\">\n\t\t\t\t\t\t\t<p>Prinzipiell ist es m\u00f6glich, einen Mast (zeitweise) ohne Beton aufzustellen. Aber f\u00fcr dauerhaft aufgestellte Fahnenmasten ist das in keinem Fall sinnvoll.<\/p><p>So gibt es z.B. so genannte \u201eMobile Fahnenmasten\u201c, die kein Beton-Fundament brauchen. Dazu wird der Fahnenmast in einer sogenannten Mobilkonsole befestigt. Die L\u00f6sung mit einem solchen Standfu\u00df hat aber wichtige Einschr\u00e4nkungen:<\/p><p>Zum einen ben\u00f6tigen Sie f\u00fcr die Standfestigkeit der Mobilkonsole ca. 300 kg Gewicht in Form vom Betonplatten (z.B. 12 Betonplatten 50 x 50 x 5 cm), um den Standfu\u00df zu beschweren. Sie m\u00fcssen also zwar nicht betonieren, brauchen aber trotzdem Beton(platten) als Gewicht \u2013 und optisch ist dann die Alternative eines nicht sichtbaren, im Boden versenkten (und z.B. mit Gras \u00fcberwachsenen) Beton-Fundaments viel sch\u00f6ner.<\/p><p>Zum anderen d\u00fcrfen mobile Fahnenmasten nicht unbeaufsichtigt sein. Sie also einfach \u00fcber Nacht alleine stehen zu lassen w\u00e4re also nicht erlaubt.<\/p><p>Und schlie\u00dflich sind Mobile Fahnenmasten nur mit 5 m, 6 m oder maximal 7 m \u00fcberhaupt m\u00f6glich. H\u00f6her geht es als Mobiler Fahnenmasten gar nicht.<\/p><p>Ganz ohne Beton geht es \u00fcbrigens zwar auch mit einem Autofu\u00df, was aber nur f\u00fcr kurzzeitig Aufstellung geeignet ist (wer wollte schon dauerhaft ein Auto neben dem Fahnenmast stehen haben, nur um diesen ohne Beton aufstellen zu k\u00f6nnen).<\/p><p>Eine andere wichtige Einschr\u00e4nkung: Mobile Fahnenmasten sind nur bis maximale Windst\u00e4rke 7 Beaufort (ca. 61 km\/h) stabil und m\u00fcssen dann unbedingt umgelegt werden \u2013 w\u00e4hrend ein Fahnenmast mit Flagge bei einem Betonfundament auch bis Windst\u00e4rke 8 (ca. 88 km\/h) bzw. ohne Fahne sogar bis Windst\u00e4rke 12 (ca. 125 km\/h) standsicher ist. Sie h\u00e4tten bei einer Aufstellung ohne Beton bzw. als Mobiler Fahnenmast also viel mehr Arbeit mit laufendem Auf- und Abbau.<\/p><p>Deshalb werden Mobile Fahnenmasten im Normalfall nur zeitlich begrenzt genutzt, z.B. wenn f\u00fcr eine Veranstaltung Fahnenmasten aufgestellt und danach wieder abgebaut werden sollen. Will man dauerhaft einen Fahnenmast aufstellen ist das ohne Beton bzw. ohne Betonfundament nicht wirklich machbar und sinnvoll bzw. hat im Wesentlichen nur Nachteile. Es ist also praktisch immer ein Fundament notwendig, um ihren Fahnenmast freistehend aufzustellen und ohne Beton geht es dann nicht.<\/p>\t\t\t\t\t\t<\/div>\n\t\t\t\t<\/div>\n\t\t\t\t\t<\/div>\n\t\t<\/div>\n\t\t\t\t\t\t\t<\/div>\n\t\t<\/section>\n\t\t\t\t<section class=\"elementor-section elementor-top-section elementor-element elementor-element-b46c0b0 elementor-section-boxed elementor-section-height-default elementor-section-height-default\" data-id=\"b46c0b0\" data-element_type=\"section\">\n\t\t\t\t\t\t<div class=\"elementor-container elementor-column-gap-default\">\n\t\t\t\t\t<div class=\"elementor-column elementor-col-100 elementor-top-column elementor-element elementor-element-232e9eb\" data-id=\"232e9eb\" data-element_type=\"column\">\n\t\t\t<div class=\"elementor-widget-wrap elementor-element-populated\">\n\t\t\t\t\t\t\t\t<div class=\"elementor-element elementor-element-14ef8da elementor-widget elementor-widget-heading\" data-id=\"14ef8da\" data-element_type=\"widget\" data-widget_type=\"heading.default\">\n\t\t\t\t<div class=\"elementor-widget-container\">\n\t\t\t<h3 class=\"elementor-heading-title elementor-size-default\">Andere Fahnenmast Befestigungsm\u00f6glichkeiten an der Wand<\/h3>\t\t<\/div>\n\t\t\t\t<\/div>\n\t\t\t\t\t<\/div>\n\t\t<\/div>\n\t\t\t\t\t\t\t<\/div>\n\t\t<\/section>\n\t\t\t\t<section class=\"elementor-section elementor-top-section elementor-element elementor-element-06dc63e elementor-section-boxed elementor-section-height-default elementor-section-height-default\" data-id=\"06dc63e\" data-element_type=\"section\">\n\t\t\t\t\t\t<div class=\"elementor-container elementor-column-gap-default\">\n\t\t\t\t\t<div class=\"elementor-column elementor-col-100 elementor-top-column elementor-element elementor-element-b0a3594\" data-id=\"b0a3594\" data-element_type=\"column\">\n\t\t\t<div class=\"elementor-widget-wrap elementor-element-populated\">\n\t\t\t\t\t\t\t\t<div class=\"elementor-element elementor-element-86980c9 elementor-widget elementor-widget-text-editor\" data-id=\"86980c9\" data-element_type=\"widget\" data-widget_type=\"text-editor.default\">\n\t\t\t\t<div class=\"elementor-widget-container\">\n\t\t\t\t\t\t\t<p>Eine Fahnenmast-Befestigung kann au\u00dfer im Boden auch an einer stabilen Wand erfolgen. Dazu gibt es spezielle Wandh\u00fclsen. Das sind K\u00f6cher (in den dann der Fahnenmast gesteckt und mit Schrauben gesichert wird) und an den Laschen angeschwei\u00dft sind, mit denen diese Wandh\u00fclse in der Wand einged\u00fcbelt werden kann. Achtung: eine D\u00fcbelmontage ist nur in Betonmauerwerk m\u00f6glich \u2013 in Ziegelmauerwerk sind Durchsteckanker mit einer Gegenplatte notwendig.<\/p>\t\t\t\t\t\t<\/div>\n\t\t\t\t<\/div>\n\t\t\t\t\t<\/div>\n\t\t<\/div>\n\t\t\t\t\t\t\t<\/div>\n\t\t<\/section>\n\t\t\t\t<section class=\"elementor-section elementor-top-section elementor-element elementor-element-725c4d8 elementor-section-boxed elementor-section-height-default elementor-section-height-default\" data-id=\"725c4d8\" data-element_type=\"section\">\n\t\t\t\t\t\t<div class=\"elementor-container elementor-column-gap-default\">\n\t\t\t\t\t<div class=\"elementor-column elementor-col-100 elementor-top-column elementor-element elementor-element-171cb35\" data-id=\"171cb35\" data-element_type=\"column\">\n\t\t\t<div class=\"elementor-widget-wrap elementor-element-populated\">\n\t\t\t\t\t\t\t\t<div class=\"elementor-element elementor-element-9e4a9ac elementor-widget elementor-widget-image\" data-id=\"9e4a9ac\" data-element_type=\"widget\" data-widget_type=\"image.default\">\n\t\t\t\t<div class=\"elementor-widget-container\">\n\t\t\t\t\t\t\t\t\t\t\t\t\t\t\t<img loading=\"lazy\" decoding=\"async\" width=\"311\" height=\"191\" src=\"https:\/\/www.fahnenmasten-shop.de\/magazin\/wp-content\/uploads\/2022\/06\/skizze-wandbefestigung-fahnemast-huelse.png\" class=\"attachment-large size-large\" alt=\"Schnitt-Zeichnung, wie eine Fahnenmast-H\u00fclse an einer Wand befestigt wird\" srcset=\"https:\/\/www.fahnenmasten-shop.de\/magazin\/wp-content\/uploads\/2022\/06\/skizze-wandbefestigung-fahnemast-huelse.png 311w, https:\/\/www.fahnenmasten-shop.de\/magazin\/wp-content\/uploads\/2022\/06\/skizze-wandbefestigung-fahnemast-huelse-300x184.png 300w\" sizes=\"auto, (max-width: 311px) 100vw, 311px\" \/>\t\t\t\t\t\t\t\t\t\t\t\t\t\t\t<\/div>\n\t\t\t\t<\/div>\n\t\t\t\t\t<\/div>\n\t\t<\/div>\n\t\t\t\t\t\t\t<\/div>\n\t\t<\/section>\n\t\t\t\t<section class=\"elementor-section elementor-top-section elementor-element elementor-element-ef0f0cc elementor-section-boxed elementor-section-height-default elementor-section-height-default\" data-id=\"ef0f0cc\" data-element_type=\"section\">\n\t\t\t\t\t\t<div class=\"elementor-container elementor-column-gap-default\">\n\t\t\t\t\t<div class=\"elementor-column elementor-col-100 elementor-top-column elementor-element elementor-element-9dc31be\" data-id=\"9dc31be\" data-element_type=\"column\">\n\t\t\t<div class=\"elementor-widget-wrap elementor-element-populated\">\n\t\t\t\t\t\t\t\t<div class=\"elementor-element elementor-element-c54aa1f elementor-widget elementor-widget-heading\" data-id=\"c54aa1f\" data-element_type=\"widget\" id=\"fahnenmast-ausstellen-genehmigung\" data-widget_type=\"heading.default\">\n\t\t\t\t<div class=\"elementor-widget-container\">\n\t\t\t<h2 class=\"elementor-heading-title elementor-size-default\">Fahnenmast: Aufstellen genehmigen lassen<\/h2>\t\t<\/div>\n\t\t\t\t<\/div>\n\t\t\t\t\t<\/div>\n\t\t<\/div>\n\t\t\t\t\t\t\t<\/div>\n\t\t<\/section>\n\t\t\t\t<section class=\"elementor-section elementor-top-section elementor-element elementor-element-bdd3af4 elementor-section-boxed elementor-section-height-default elementor-section-height-default\" data-id=\"bdd3af4\" data-element_type=\"section\">\n\t\t\t\t\t\t<div class=\"elementor-container elementor-column-gap-default\">\n\t\t\t\t\t<div class=\"elementor-column elementor-col-100 elementor-top-column elementor-element elementor-element-8bd7cde\" data-id=\"8bd7cde\" data-element_type=\"column\">\n\t\t\t<div class=\"elementor-widget-wrap elementor-element-populated\">\n\t\t\t\t\t\t\t\t<div class=\"elementor-element elementor-element-a055a70 elementor-widget elementor-widget-text-editor\" data-id=\"a055a70\" data-element_type=\"widget\" data-widget_type=\"text-editor.default\">\n\t\t\t\t<div class=\"elementor-widget-container\">\n\t\t\t\t\t\t\t<p>Ein Fundament (oder auch das Anbringen von Wandh\u00fclsen) ist immer eine so genannte bauliche Ver\u00e4nderung. Und als solche m\u00fcssen Sie diese immer genehmigen lassen \u2013 auch wenn das im eigenen Garten gemacht wird.<\/p><p>Ist das Fundament einmal genehmigt, muss der Fahnenmast selbst dann (im Normalfall bzw. in den meisten Gemeinden) nicht extra genehmigt werden. Nur wenn dieser besonders hoch ist, wird nochmal eine extra Genehmigung erforderlich. Bei welcher H\u00f6he das genau der Fall ist, ist aber in jeder Stadt oder Gemeinde etwas anders. In vielen St\u00e4dten oder Gemeinden sind aber 7m oder 8m (oder sogar mehr) kein Problem und ohne Genehmigung zul\u00e4ssig \u2013 aber eben nicht in allen. Sie m\u00fcssen sich also immer bei Ihrer Gemeinde bzw. dem Bauamt erkundigen, wie es bei Ihnen vor Ort ist.<\/p><p>\u00dcbrigens: auf gemeinschaftlichen Grundst\u00fccken (z.B. Mehrfamilienh\u00e4user, denen das Grundst\u00fcck gemeinsam geh\u00f6rt oder evtl. H\u00e4user mit Eigentumswohnungen etc.) muss auch eine Genehmigung der Miteigent\u00fcmer eingeholt werden.<\/p>\t\t\t\t\t\t<\/div>\n\t\t\t\t<\/div>\n\t\t\t\t\t<\/div>\n\t\t<\/div>\n\t\t\t\t\t\t\t<\/div>\n\t\t<\/section>\n\t\t\t\t<section class=\"elementor-section elementor-top-section elementor-element elementor-element-9e13322 elementor-section-boxed elementor-section-height-default elementor-section-height-default\" data-id=\"9e13322\" data-element_type=\"section\">\n\t\t\t\t\t\t<div class=\"elementor-container elementor-column-gap-default\">\n\t\t\t\t\t<div class=\"elementor-column elementor-col-100 elementor-top-column elementor-element elementor-element-4d6232e\" data-id=\"4d6232e\" data-element_type=\"column\">\n\t\t\t<div class=\"elementor-widget-wrap elementor-element-populated\">\n\t\t\t\t\t\t\t\t<div class=\"elementor-element elementor-element-4174f8d elementor-widget elementor-widget-heading\" data-id=\"4174f8d\" data-element_type=\"widget\" data-widget_type=\"heading.default\">\n\t\t\t\t<div class=\"elementor-widget-container\">\n\t\t\t<h3 class=\"elementor-heading-title elementor-size-default\">Werbung an Fahnenmasten genehmigungspflichtig<\/h3>\t\t<\/div>\n\t\t\t\t<\/div>\n\t\t\t\t\t<\/div>\n\t\t<\/div>\n\t\t\t\t\t\t\t<\/div>\n\t\t<\/section>\n\t\t\t\t<section class=\"elementor-section elementor-top-section elementor-element elementor-element-2dccca4 elementor-section-boxed elementor-section-height-default elementor-section-height-default\" data-id=\"2dccca4\" data-element_type=\"section\">\n\t\t\t\t\t\t<div class=\"elementor-container elementor-column-gap-default\">\n\t\t\t\t\t<div class=\"elementor-column elementor-col-100 elementor-top-column elementor-element elementor-element-fa65bb2\" data-id=\"fa65bb2\" data-element_type=\"column\">\n\t\t\t<div class=\"elementor-widget-wrap elementor-element-populated\">\n\t\t\t\t\t\t\t\t<div class=\"elementor-element elementor-element-3c35563 elementor-widget elementor-widget-text-editor\" data-id=\"3c35563\" data-element_type=\"widget\" data-widget_type=\"text-editor.default\">\n\t\t\t\t<div class=\"elementor-widget-container\">\n\t\t\t\t\t\t\t<p>Solange sie nur ihren Lieblings-Fu\u00dfball-Verein (oder etwas anderes privates) ganz privat mit einer Fahne zeigen, gilt das als \u201eAusdruck der pers\u00f6nlichen Meinungsfreiheit\u201c und sie d\u00fcrfen das ohne jede Genehmigung. Das sagt zumindest ein Urteil des Amtsgericht Arnsberg (was aber keine rechtliche Sicherheit gibt, weil ein solches Urteil nicht automatisch allgemeing\u00fcltig ist und erstmal nur f\u00fcr den einen verhandelten Fall gilt).<\/p><p>Etwas anderes ist es allerdings, wenn sie entweder gegen Bezahlung Werbefahnen aufziehen oder wenn sie nicht privat, sondern als Gewerbetreibender Fahnenmasten aufstellen. In diesen F\u00e4llen ist die damit entstehende Werbefl\u00e4che bzw. der Fahnenmast im Normalfall genehmigungspflichtig. <\/p>\t\t\t\t\t\t<\/div>\n\t\t\t\t<\/div>\n\t\t\t\t\t<\/div>\n\t\t<\/div>\n\t\t\t\t\t\t\t<\/div>\n\t\t<\/section>\n\t\t\t\t\t\t\t<\/div>\n\t\t","protected":false},"excerpt":{"rendered":"<p>Erfahren Sie hier alles zum Aufstellen von Fahnenmasten und deren Befestigung \u2013 und insbesondere auch zur Frage, ob das ohne Beton m\u00f6glich und f\u00fcr was eine Genehmigung notwendig ist. Inhalte dieser Seite: Befestigung\u00a0(Steck-H\u00fclse | Kipphalterung | Klemmhalterung) | ohne Beton? | Genehmigung Fahnenmast aufstellen \u2013 aber richtig Ein Fahnenmast muss stabil stehen und wird deshalb [&hellip;]<\/p>\n","protected":false},"author":1,"featured_media":378,"comment_status":"open","ping_status":"open","sticky":false,"template":"","format":"standard","meta":{"footnotes":""},"categories":[1],"tags":[],"class_list":["post-362","post","type-post","status-publish","format-standard","has-post-thumbnail","hentry","category-allgemein"],"yoast_head":"<!-- This site is optimized with the Yoast SEO Premium plugin v17.9 (Yoast SEO v18.0) - https:\/\/yoast.com\/wordpress\/plugins\/seo\/ -->\n<title>Fahnenmast aufstellen &amp; Befestigung - alle Alternativen<\/title>\n<meta name=\"description\" content=\"Wie Fahnenmasten aufstellen? Welche Fahnenmast-Befestigungsm\u00f6glichkeiten gibt es? Ausf\u00fchrliche Infos (inkl. &quot;ohne Beton&quot;). Alles zu Bodenh\u00fclsen, etc.\" \/>\n<meta name=\"robots\" content=\"index, follow, max-snippet:-1, max-image-preview:large, max-video-preview:-1\" \/>\n<link rel=\"canonical\" href=\"https:\/\/www.fahnenmasten-shop.de\/magazin\/fahnenmast-aufstellen\/\" \/>\n<meta property=\"og:locale\" content=\"de_DE\" \/>\n<meta property=\"og:type\" content=\"article\" \/>\n<meta property=\"og:title\" content=\"Fahnenmast: Aufstellen &amp; Befestigung\" \/>\n<meta property=\"og:description\" content=\"Wie Fahnenmasten aufstellen? Welche Fahnenmast-Befestigungsm\u00f6glichkeiten gibt es? Ausf\u00fchrliche Infos (inkl. &quot;ohne Beton&quot;). Alles zu Bodenh\u00fclsen, etc.\" \/>\n<meta property=\"og:url\" content=\"https:\/\/www.fahnenmasten-shop.de\/magazin\/fahnenmast-aufstellen\/\" \/>\n<meta property=\"og:site_name\" content=\"Fahnenmasten Shop Magazin\" \/>\n<meta property=\"article:published_time\" content=\"2022-06-24T12:35:15+00:00\" \/>\n<meta property=\"article:modified_time\" content=\"2024-02-27T14:03:42+00:00\" \/>\n<meta property=\"og:image\" content=\"https:\/\/www.fahnenmasten-shop.de\/magazin\/wp-content\/uploads\/2022\/06\/fahnenmast_aufstellen.jpg\" \/>\n\t<meta property=\"og:image:width\" content=\"1912\" \/>\n\t<meta property=\"og:image:height\" content=\"1052\" \/>\n\t<meta property=\"og:image:type\" content=\"image\/jpeg\" \/>\n<meta name=\"twitter:card\" content=\"summary_large_image\" \/>\n<meta name=\"twitter:label1\" content=\"Verfasst von\" \/>\n\t<meta name=\"twitter:data1\" content=\"admin\" \/>\n\t<meta name=\"twitter:label2\" content=\"Gesch\u00e4tzte Lesezeit\" \/>\n\t<meta name=\"twitter:data2\" content=\"11\u00a0Minuten\" \/>\n<script type=\"application\/ld+json\" class=\"yoast-schema-graph\">{\"@context\":\"https:\/\/schema.org\",\"@graph\":[{\"@type\":\"WebSite\",\"@id\":\"https:\/\/www.fahnenmasten-shop.de\/magazin\/#website\",\"url\":\"https:\/\/www.fahnenmasten-shop.de\/magazin\/\",\"name\":\"Fahnenmasten Shop Magazin\",\"description\":\"Eine weitere WordPress-Website\",\"potentialAction\":[{\"@type\":\"SearchAction\",\"target\":{\"@type\":\"EntryPoint\",\"urlTemplate\":\"https:\/\/www.fahnenmasten-shop.de\/magazin\/?s={search_term_string}\"},\"query-input\":\"required name=search_term_string\"}],\"inLanguage\":\"de\"},{\"@type\":\"ImageObject\",\"@id\":\"https:\/\/www.fahnenmasten-shop.de\/magazin\/fahnenmast-aufstellen\/#primaryimage\",\"inLanguage\":\"de\",\"url\":\"https:\/\/www.fahnenmasten-shop.de\/magazin\/wp-content\/uploads\/2022\/06\/fahnenmast_aufstellen.jpg\",\"contentUrl\":\"https:\/\/www.fahnenmasten-shop.de\/magazin\/wp-content\/uploads\/2022\/06\/fahnenmast_aufstellen.jpg\",\"width\":1912,\"height\":1052},{\"@type\":\"WebPage\",\"@id\":\"https:\/\/www.fahnenmasten-shop.de\/magazin\/fahnenmast-aufstellen\/#webpage\",\"url\":\"https:\/\/www.fahnenmasten-shop.de\/magazin\/fahnenmast-aufstellen\/\",\"name\":\"Fahnenmast aufstellen & Befestigung - alle Alternativen\",\"isPartOf\":{\"@id\":\"https:\/\/www.fahnenmasten-shop.de\/magazin\/#website\"},\"primaryImageOfPage\":{\"@id\":\"https:\/\/www.fahnenmasten-shop.de\/magazin\/fahnenmast-aufstellen\/#primaryimage\"},\"datePublished\":\"2022-06-24T12:35:15+00:00\",\"dateModified\":\"2024-02-27T14:03:42+00:00\",\"author\":{\"@id\":\"https:\/\/www.fahnenmasten-shop.de\/magazin\/#\/schema\/person\/a955976088f9a713df9da45dca39a982\"},\"description\":\"Wie Fahnenmasten aufstellen? Welche Fahnenmast-Befestigungsm\u00f6glichkeiten gibt es? Ausf\u00fchrliche Infos (inkl. \\\"ohne Beton\\\"). Alles zu Bodenh\u00fclsen, etc.\",\"breadcrumb\":{\"@id\":\"https:\/\/www.fahnenmasten-shop.de\/magazin\/fahnenmast-aufstellen\/#breadcrumb\"},\"inLanguage\":\"de\",\"potentialAction\":[{\"@type\":\"ReadAction\",\"target\":[\"https:\/\/www.fahnenmasten-shop.de\/magazin\/fahnenmast-aufstellen\/\"]}]},{\"@type\":\"BreadcrumbList\",\"@id\":\"https:\/\/www.fahnenmasten-shop.de\/magazin\/fahnenmast-aufstellen\/#breadcrumb\",\"itemListElement\":[{\"@type\":\"ListItem\",\"position\":1,\"name\":\"Magazin\",\"item\":\"https:\/\/www.fahnenmasten-shop.de\/magazin\/\"},{\"@type\":\"ListItem\",\"position\":2,\"name\":\"Fahnenmast: Aufstellen &#038; Befestigung\"}]},{\"@type\":\"Person\",\"@id\":\"https:\/\/www.fahnenmasten-shop.de\/magazin\/#\/schema\/person\/a955976088f9a713df9da45dca39a982\",\"name\":\"admin\",\"image\":{\"@type\":\"ImageObject\",\"@id\":\"https:\/\/www.fahnenmasten-shop.de\/magazin\/#personlogo\",\"inLanguage\":\"de\",\"url\":\"https:\/\/secure.gravatar.com\/avatar\/87871f34e68fada81c8b2d10de871853f840bd8f0ad7aff2ea65fb4c2a471f27?s=96&d=mm&r=g\",\"contentUrl\":\"https:\/\/secure.gravatar.com\/avatar\/87871f34e68fada81c8b2d10de871853f840bd8f0ad7aff2ea65fb4c2a471f27?s=96&d=mm&r=g\",\"caption\":\"admin\"},\"sameAs\":[\"https:\/\/www.fahnenmasten-shop.de\/magazin\"],\"url\":\"https:\/\/www.fahnenmasten-shop.de\/magazin\/author\/admin\/\"}]}<\/script>\n<!-- \/ Yoast SEO Premium plugin. -->","yoast_head_json":{"title":"Fahnenmast aufstellen & Befestigung - alle Alternativen","description":"Wie Fahnenmasten aufstellen? Welche Fahnenmast-Befestigungsm\u00f6glichkeiten gibt es? Ausf\u00fchrliche Infos (inkl. \"ohne Beton\"). Alles zu Bodenh\u00fclsen, etc.","robots":{"index":"index","follow":"follow","max-snippet":"max-snippet:-1","max-image-preview":"max-image-preview:large","max-video-preview":"max-video-preview:-1"},"canonical":"https:\/\/www.fahnenmasten-shop.de\/magazin\/fahnenmast-aufstellen\/","og_locale":"de_DE","og_type":"article","og_title":"Fahnenmast: Aufstellen & Befestigung","og_description":"Wie Fahnenmasten aufstellen? Welche Fahnenmast-Befestigungsm\u00f6glichkeiten gibt es? Ausf\u00fchrliche Infos (inkl. \"ohne Beton\"). Alles zu Bodenh\u00fclsen, etc.","og_url":"https:\/\/www.fahnenmasten-shop.de\/magazin\/fahnenmast-aufstellen\/","og_site_name":"Fahnenmasten Shop Magazin","article_published_time":"2022-06-24T12:35:15+00:00","article_modified_time":"2024-02-27T14:03:42+00:00","og_image":[{"width":1912,"height":1052,"url":"https:\/\/www.fahnenmasten-shop.de\/magazin\/wp-content\/uploads\/2022\/06\/fahnenmast_aufstellen.jpg","type":"image\/jpeg"}],"twitter_card":"summary_large_image","twitter_misc":{"Verfasst von":"admin","Gesch\u00e4tzte Lesezeit":"11\u00a0Minuten"},"schema":{"@context":"https:\/\/schema.org","@graph":[{"@type":"WebSite","@id":"https:\/\/www.fahnenmasten-shop.de\/magazin\/#website","url":"https:\/\/www.fahnenmasten-shop.de\/magazin\/","name":"Fahnenmasten Shop Magazin","description":"Eine weitere WordPress-Website","potentialAction":[{"@type":"SearchAction","target":{"@type":"EntryPoint","urlTemplate":"https:\/\/www.fahnenmasten-shop.de\/magazin\/?s={search_term_string}"},"query-input":"required name=search_term_string"}],"inLanguage":"de"},{"@type":"ImageObject","@id":"https:\/\/www.fahnenmasten-shop.de\/magazin\/fahnenmast-aufstellen\/#primaryimage","inLanguage":"de","url":"https:\/\/www.fahnenmasten-shop.de\/magazin\/wp-content\/uploads\/2022\/06\/fahnenmast_aufstellen.jpg","contentUrl":"https:\/\/www.fahnenmasten-shop.de\/magazin\/wp-content\/uploads\/2022\/06\/fahnenmast_aufstellen.jpg","width":1912,"height":1052},{"@type":"WebPage","@id":"https:\/\/www.fahnenmasten-shop.de\/magazin\/fahnenmast-aufstellen\/#webpage","url":"https:\/\/www.fahnenmasten-shop.de\/magazin\/fahnenmast-aufstellen\/","name":"Fahnenmast aufstellen & Befestigung - alle Alternativen","isPartOf":{"@id":"https:\/\/www.fahnenmasten-shop.de\/magazin\/#website"},"primaryImageOfPage":{"@id":"https:\/\/www.fahnenmasten-shop.de\/magazin\/fahnenmast-aufstellen\/#primaryimage"},"datePublished":"2022-06-24T12:35:15+00:00","dateModified":"2024-02-27T14:03:42+00:00","author":{"@id":"https:\/\/www.fahnenmasten-shop.de\/magazin\/#\/schema\/person\/a955976088f9a713df9da45dca39a982"},"description":"Wie Fahnenmasten aufstellen? Welche Fahnenmast-Befestigungsm\u00f6glichkeiten gibt es? Ausf\u00fchrliche Infos (inkl. \"ohne Beton\"). Alles zu Bodenh\u00fclsen, etc.","breadcrumb":{"@id":"https:\/\/www.fahnenmasten-shop.de\/magazin\/fahnenmast-aufstellen\/#breadcrumb"},"inLanguage":"de","potentialAction":[{"@type":"ReadAction","target":["https:\/\/www.fahnenmasten-shop.de\/magazin\/fahnenmast-aufstellen\/"]}]},{"@type":"BreadcrumbList","@id":"https:\/\/www.fahnenmasten-shop.de\/magazin\/fahnenmast-aufstellen\/#breadcrumb","itemListElement":[{"@type":"ListItem","position":1,"name":"Magazin","item":"https:\/\/www.fahnenmasten-shop.de\/magazin\/"},{"@type":"ListItem","position":2,"name":"Fahnenmast: Aufstellen &#038; Befestigung"}]},{"@type":"Person","@id":"https:\/\/www.fahnenmasten-shop.de\/magazin\/#\/schema\/person\/a955976088f9a713df9da45dca39a982","name":"admin","image":{"@type":"ImageObject","@id":"https:\/\/www.fahnenmasten-shop.de\/magazin\/#personlogo","inLanguage":"de","url":"https:\/\/secure.gravatar.com\/avatar\/87871f34e68fada81c8b2d10de871853f840bd8f0ad7aff2ea65fb4c2a471f27?s=96&d=mm&r=g","contentUrl":"https:\/\/secure.gravatar.com\/avatar\/87871f34e68fada81c8b2d10de871853f840bd8f0ad7aff2ea65fb4c2a471f27?s=96&d=mm&r=g","caption":"admin"},"sameAs":["https:\/\/www.fahnenmasten-shop.de\/magazin"],"url":"https:\/\/www.fahnenmasten-shop.de\/magazin\/author\/admin\/"}]}},"_links":{"self":[{"href":"https:\/\/www.fahnenmasten-shop.de\/magazin\/wp-json\/wp\/v2\/posts\/362","targetHints":{"allow":["GET"]}}],"collection":[{"href":"https:\/\/www.fahnenmasten-shop.de\/magazin\/wp-json\/wp\/v2\/posts"}],"about":[{"href":"https:\/\/www.fahnenmasten-shop.de\/magazin\/wp-json\/wp\/v2\/types\/post"}],"author":[{"embeddable":true,"href":"https:\/\/www.fahnenmasten-shop.de\/magazin\/wp-json\/wp\/v2\/users\/1"}],"replies":[{"embeddable":true,"href":"https:\/\/www.fahnenmasten-shop.de\/magazin\/wp-json\/wp\/v2\/comments?post=362"}],"version-history":[{"count":29,"href":"https:\/\/www.fahnenmasten-shop.de\/magazin\/wp-json\/wp\/v2\/posts\/362\/revisions"}],"predecessor-version":[{"id":444,"href":"https:\/\/www.fahnenmasten-shop.de\/magazin\/wp-json\/wp\/v2\/posts\/362\/revisions\/444"}],"wp:featuredmedia":[{"embeddable":true,"href":"https:\/\/www.fahnenmasten-shop.de\/magazin\/wp-json\/wp\/v2\/media\/378"}],"wp:attachment":[{"href":"https:\/\/www.fahnenmasten-shop.de\/magazin\/wp-json\/wp\/v2\/media?parent=362"}],"wp:term":[{"taxonomy":"category","embeddable":true,"href":"https:\/\/www.fahnenmasten-shop.de\/magazin\/wp-json\/wp\/v2\/categories?post=362"},{"taxonomy":"post_tag","embeddable":true,"href":"https:\/\/www.fahnenmasten-shop.de\/magazin\/wp-json\/wp\/v2\/tags?post=362"}],"curies":[{"name":"wp","href":"https:\/\/api.w.org\/{rel}","templated":true}]}}