{"id":438,"date":"2024-01-08T13:47:33","date_gmt":"2024-01-08T12:47:33","guid":{"rendered":"https:\/\/www.fahnenmasten-shop.de\/magazin\/?p=438"},"modified":"2024-01-08T13:55:14","modified_gmt":"2024-01-08T12:55:14","slug":"galgenmasten-tragende-saeulen-fuer-die-weite-des-himmels","status":"publish","type":"post","link":"https:\/\/www.fahnenmasten-shop.de\/magazin\/galgenmasten-tragende-saeulen-fuer-die-weite-des-himmels\/","title":{"rendered":"Galgenmasten: Tragende S\u00e4ulen f\u00fcr die Weite des Himmels"},"content":{"rendered":"<p>Fahnenmasten sind nicht nur Symbole patriotischer Zugeh\u00f6rigkeit, sondern auch funktionale Tr\u00e4ger f\u00fcr das wehende Banner. In diesem Zusammenhang spielen Galgenmasten und Auslegermasten eine entscheidende Rolle, insbesondere wenn der Begriff &#8222;Untenausleger&#8220; in die Betrachtung einflie\u00dft.<\/p>\n<p><strong>Galgenmasten f\u00fcr Fahnenanwendungen<\/strong><\/p>\n<p>Galgenmasten, die oft in Flaggenanwendungen verwendet werden, zeichnen sich durch ihre vertikale Struktur mit einem horizontalen Arm aus. Diese Konfiguration erm\u00f6glicht es, Fahnen hoch oben in die Luft zu heben, um sie weithin sichtbar zu machen. Galgenmasten bieten nicht nur Stabilit\u00e4t, sondern auch die M\u00f6glichkeit, Fahnen in verschiedenen Gr\u00f6\u00dfen zu hissen.<\/p>\n<p><strong>Auslegermasten f\u00fcr spezielle Anforderungen<\/strong><\/p>\n<p>Auslegermasten kommen ins Spiel, wenn spezielle Anforderungen an die Platzierung von Fahnen bestehen. Der Ausleger, ein horizontaler Arm, erweitert die Reichweite des Mastes, sodass Fahnen \u00fcber Gehwegen, Stra\u00dfen oder anderen Hindernissen platziert werden k\u00f6nnen. Dies erm\u00f6glicht eine flexible und \u00e4sthetisch ansprechende Pr\u00e4sentation von Flaggen.<\/p>\n<p><strong>Untenausleger: Eine raffinierte Erg\u00e4nzung<\/strong><\/p>\n<p>Der Begriff &#8222;Untenausleger&#8220; bezieht sich auf eine interessante Variation, bei der der Ausleger nicht oben, sondern unten am Mast befestigt ist. Diese Konfiguration erlaubt es, Fahnen in einer tieferen Position zu hissen, was besonders in urbanen Umgebungen oder Geb\u00e4uden mit begrenzter H\u00f6he von Vorteil ist. Der Untenausleger verleiht dem Mast eine einzigartige \u00e4sthetische Note und erm\u00f6glicht eine vielseitige Platzierung von Fahnen.<\/p>\n<p>Insgesamt sind Galgenmasten, Auslegermasten und Untenausleger wesentliche Elemente, um Fahnen auf effektive und \u00e4sthetisch ansprechende Weise zu pr\u00e4sentieren. Ihre Vielseitigkeit macht sie zu wichtigen Komponenten nicht nur in patriotischen Kontexten, sondern auch in Werbung, Veranstaltungen und st\u00e4dtischer Gestaltung.<\/p>\n","protected":false},"excerpt":{"rendered":"<p>Fahnenmasten sind nicht nur Symbole patriotischer Zugeh\u00f6rigkeit, sondern auch funktionale Tr\u00e4ger f\u00fcr das wehende Banner. In diesem Zusammenhang spielen Galgenmasten und Auslegermasten eine entscheidende Rolle, insbesondere wenn der Begriff &#8222;Untenausleger&#8220; in die Betrachtung einflie\u00dft. Galgenmasten f\u00fcr Fahnenanwendungen Galgenmasten, die oft in Flaggenanwendungen verwendet werden, zeichnen sich durch ihre vertikale Struktur mit einem horizontalen Arm aus. [&hellip;]<\/p>\n","protected":false},"author":1,"featured_media":440,"comment_status":"open","ping_status":"open","sticky":false,"template":"","format":"standard","meta":{"footnotes":""},"categories":[1],"tags":[],"class_list":["post-438","post","type-post","status-publish","format-standard","has-post-thumbnail","hentry","category-allgemein"],"yoast_head":"<!-- This site is optimized with the Yoast SEO Premium plugin v17.9 (Yoast SEO v18.0) - https:\/\/yoast.com\/wordpress\/plugins\/seo\/ -->\n<title>Galgenmasten: Tragende S\u00e4ulen f\u00fcr die Weite des Himmels - Fahnenmasten Shop Magazin<\/title>\n<meta name=\"robots\" content=\"index, follow, max-snippet:-1, max-image-preview:large, max-video-preview:-1\" \/>\n<link rel=\"canonical\" href=\"https:\/\/www.fahnenmasten-shop.de\/magazin\/galgenmasten-tragende-saeulen-fuer-die-weite-des-himmels\/\" \/>\n<meta property=\"og:locale\" content=\"de_DE\" \/>\n<meta property=\"og:type\" content=\"article\" \/>\n<meta property=\"og:title\" content=\"Galgenmasten: Tragende S\u00e4ulen f\u00fcr die Weite des Himmels\" \/>\n<meta property=\"og:description\" content=\"Fahnenmasten sind nicht nur Symbole patriotischer Zugeh\u00f6rigkeit, sondern auch funktionale Tr\u00e4ger f\u00fcr das wehende Banner. In diesem Zusammenhang spielen Galgenmasten und Auslegermasten eine entscheidende Rolle, insbesondere wenn der Begriff &#8222;Untenausleger&#8220; in die Betrachtung einflie\u00dft. Galgenmasten f\u00fcr Fahnenanwendungen Galgenmasten, die oft in Flaggenanwendungen verwendet werden, zeichnen sich durch ihre vertikale Struktur mit einem horizontalen Arm aus. [&hellip;]\" \/>\n<meta property=\"og:url\" content=\"https:\/\/www.fahnenmasten-shop.de\/magazin\/galgenmasten-tragende-saeulen-fuer-die-weite-des-himmels\/\" \/>\n<meta property=\"og:site_name\" content=\"Fahnenmasten Shop Magazin\" \/>\n<meta property=\"article:published_time\" content=\"2024-01-08T12:47:33+00:00\" \/>\n<meta property=\"article:modified_time\" content=\"2024-01-08T12:55:14+00:00\" \/>\n<meta property=\"og:image\" content=\"https:\/\/www.fahnenmasten-shop.de\/magazin\/wp-content\/uploads\/2024\/01\/fahnenmasten_shop-min-scaled.jpg\" \/>\n\t<meta property=\"og:image:width\" content=\"2560\" \/>\n\t<meta property=\"og:image:height\" content=\"1707\" \/>\n\t<meta property=\"og:image:type\" content=\"image\/jpeg\" \/>\n<meta name=\"twitter:card\" content=\"summary_large_image\" \/>\n<meta name=\"twitter:label1\" content=\"Verfasst von\" \/>\n\t<meta name=\"twitter:data1\" content=\"admin\" \/>\n\t<meta name=\"twitter:label2\" content=\"Gesch\u00e4tzte Lesezeit\" \/>\n\t<meta name=\"twitter:data2\" content=\"1\u00a0Minute\" \/>\n<script type=\"application\/ld+json\" class=\"yoast-schema-graph\">{\"@context\":\"https:\/\/schema.org\",\"@graph\":[{\"@type\":\"WebSite\",\"@id\":\"https:\/\/www.fahnenmasten-shop.de\/magazin\/#website\",\"url\":\"https:\/\/www.fahnenmasten-shop.de\/magazin\/\",\"name\":\"Fahnenmasten Shop Magazin\",\"description\":\"Eine weitere WordPress-Website\",\"potentialAction\":[{\"@type\":\"SearchAction\",\"target\":{\"@type\":\"EntryPoint\",\"urlTemplate\":\"https:\/\/www.fahnenmasten-shop.de\/magazin\/?s={search_term_string}\"},\"query-input\":\"required name=search_term_string\"}],\"inLanguage\":\"de\"},{\"@type\":\"ImageObject\",\"@id\":\"https:\/\/www.fahnenmasten-shop.de\/magazin\/galgenmasten-tragende-saeulen-fuer-die-weite-des-himmels\/#primaryimage\",\"inLanguage\":\"de\",\"url\":\"https:\/\/www.fahnenmasten-shop.de\/magazin\/wp-content\/uploads\/2024\/01\/fahnenmasten_shop-min-scaled.jpg\",\"contentUrl\":\"https:\/\/www.fahnenmasten-shop.de\/magazin\/wp-content\/uploads\/2024\/01\/fahnenmasten_shop-min-scaled.jpg\",\"width\":2560,\"height\":1707},{\"@type\":\"WebPage\",\"@id\":\"https:\/\/www.fahnenmasten-shop.de\/magazin\/galgenmasten-tragende-saeulen-fuer-die-weite-des-himmels\/#webpage\",\"url\":\"https:\/\/www.fahnenmasten-shop.de\/magazin\/galgenmasten-tragende-saeulen-fuer-die-weite-des-himmels\/\",\"name\":\"Galgenmasten: Tragende S\u00e4ulen f\u00fcr die Weite des Himmels - Fahnenmasten Shop Magazin\",\"isPartOf\":{\"@id\":\"https:\/\/www.fahnenmasten-shop.de\/magazin\/#website\"},\"primaryImageOfPage\":{\"@id\":\"https:\/\/www.fahnenmasten-shop.de\/magazin\/galgenmasten-tragende-saeulen-fuer-die-weite-des-himmels\/#primaryimage\"},\"datePublished\":\"2024-01-08T12:47:33+00:00\",\"dateModified\":\"2024-01-08T12:55:14+00:00\",\"author\":{\"@id\":\"https:\/\/www.fahnenmasten-shop.de\/magazin\/#\/schema\/person\/a955976088f9a713df9da45dca39a982\"},\"breadcrumb\":{\"@id\":\"https:\/\/www.fahnenmasten-shop.de\/magazin\/galgenmasten-tragende-saeulen-fuer-die-weite-des-himmels\/#breadcrumb\"},\"inLanguage\":\"de\",\"potentialAction\":[{\"@type\":\"ReadAction\",\"target\":[\"https:\/\/www.fahnenmasten-shop.de\/magazin\/galgenmasten-tragende-saeulen-fuer-die-weite-des-himmels\/\"]}]},{\"@type\":\"BreadcrumbList\",\"@id\":\"https:\/\/www.fahnenmasten-shop.de\/magazin\/galgenmasten-tragende-saeulen-fuer-die-weite-des-himmels\/#breadcrumb\",\"itemListElement\":[{\"@type\":\"ListItem\",\"position\":1,\"name\":\"Magazin\",\"item\":\"https:\/\/www.fahnenmasten-shop.de\/magazin\/\"},{\"@type\":\"ListItem\",\"position\":2,\"name\":\"Galgenmasten: Tragende S\u00e4ulen f\u00fcr die Weite des Himmels\"}]},{\"@type\":\"Person\",\"@id\":\"https:\/\/www.fahnenmasten-shop.de\/magazin\/#\/schema\/person\/a955976088f9a713df9da45dca39a982\",\"name\":\"admin\",\"image\":{\"@type\":\"ImageObject\",\"@id\":\"https:\/\/www.fahnenmasten-shop.de\/magazin\/#personlogo\",\"inLanguage\":\"de\",\"url\":\"https:\/\/secure.gravatar.com\/avatar\/87871f34e68fada81c8b2d10de871853f840bd8f0ad7aff2ea65fb4c2a471f27?s=96&d=mm&r=g\",\"contentUrl\":\"https:\/\/secure.gravatar.com\/avatar\/87871f34e68fada81c8b2d10de871853f840bd8f0ad7aff2ea65fb4c2a471f27?s=96&d=mm&r=g\",\"caption\":\"admin\"},\"sameAs\":[\"https:\/\/www.fahnenmasten-shop.de\/magazin\"],\"url\":\"https:\/\/www.fahnenmasten-shop.de\/magazin\/author\/admin\/\"}]}<\/script>\n<!-- \/ Yoast SEO Premium plugin. -->","yoast_head_json":{"title":"Galgenmasten: Tragende S\u00e4ulen f\u00fcr die Weite des Himmels - Fahnenmasten Shop Magazin","robots":{"index":"index","follow":"follow","max-snippet":"max-snippet:-1","max-image-preview":"max-image-preview:large","max-video-preview":"max-video-preview:-1"},"canonical":"https:\/\/www.fahnenmasten-shop.de\/magazin\/galgenmasten-tragende-saeulen-fuer-die-weite-des-himmels\/","og_locale":"de_DE","og_type":"article","og_title":"Galgenmasten: Tragende S\u00e4ulen f\u00fcr die Weite des Himmels","og_description":"Fahnenmasten sind nicht nur Symbole patriotischer Zugeh\u00f6rigkeit, sondern auch funktionale Tr\u00e4ger f\u00fcr das wehende Banner. In diesem Zusammenhang spielen Galgenmasten und Auslegermasten eine entscheidende Rolle, insbesondere wenn der Begriff &#8222;Untenausleger&#8220; in die Betrachtung einflie\u00dft. Galgenmasten f\u00fcr Fahnenanwendungen Galgenmasten, die oft in Flaggenanwendungen verwendet werden, zeichnen sich durch ihre vertikale Struktur mit einem horizontalen Arm aus. [&hellip;]","og_url":"https:\/\/www.fahnenmasten-shop.de\/magazin\/galgenmasten-tragende-saeulen-fuer-die-weite-des-himmels\/","og_site_name":"Fahnenmasten Shop Magazin","article_published_time":"2024-01-08T12:47:33+00:00","article_modified_time":"2024-01-08T12:55:14+00:00","og_image":[{"width":2560,"height":1707,"url":"https:\/\/www.fahnenmasten-shop.de\/magazin\/wp-content\/uploads\/2024\/01\/fahnenmasten_shop-min-scaled.jpg","type":"image\/jpeg"}],"twitter_card":"summary_large_image","twitter_misc":{"Verfasst von":"admin","Gesch\u00e4tzte Lesezeit":"1\u00a0Minute"},"schema":{"@context":"https:\/\/schema.org","@graph":[{"@type":"WebSite","@id":"https:\/\/www.fahnenmasten-shop.de\/magazin\/#website","url":"https:\/\/www.fahnenmasten-shop.de\/magazin\/","name":"Fahnenmasten Shop Magazin","description":"Eine weitere WordPress-Website","potentialAction":[{"@type":"SearchAction","target":{"@type":"EntryPoint","urlTemplate":"https:\/\/www.fahnenmasten-shop.de\/magazin\/?s={search_term_string}"},"query-input":"required name=search_term_string"}],"inLanguage":"de"},{"@type":"ImageObject","@id":"https:\/\/www.fahnenmasten-shop.de\/magazin\/galgenmasten-tragende-saeulen-fuer-die-weite-des-himmels\/#primaryimage","inLanguage":"de","url":"https:\/\/www.fahnenmasten-shop.de\/magazin\/wp-content\/uploads\/2024\/01\/fahnenmasten_shop-min-scaled.jpg","contentUrl":"https:\/\/www.fahnenmasten-shop.de\/magazin\/wp-content\/uploads\/2024\/01\/fahnenmasten_shop-min-scaled.jpg","width":2560,"height":1707},{"@type":"WebPage","@id":"https:\/\/www.fahnenmasten-shop.de\/magazin\/galgenmasten-tragende-saeulen-fuer-die-weite-des-himmels\/#webpage","url":"https:\/\/www.fahnenmasten-shop.de\/magazin\/galgenmasten-tragende-saeulen-fuer-die-weite-des-himmels\/","name":"Galgenmasten: Tragende S\u00e4ulen f\u00fcr die Weite des Himmels - Fahnenmasten Shop Magazin","isPartOf":{"@id":"https:\/\/www.fahnenmasten-shop.de\/magazin\/#website"},"primaryImageOfPage":{"@id":"https:\/\/www.fahnenmasten-shop.de\/magazin\/galgenmasten-tragende-saeulen-fuer-die-weite-des-himmels\/#primaryimage"},"datePublished":"2024-01-08T12:47:33+00:00","dateModified":"2024-01-08T12:55:14+00:00","author":{"@id":"https:\/\/www.fahnenmasten-shop.de\/magazin\/#\/schema\/person\/a955976088f9a713df9da45dca39a982"},"breadcrumb":{"@id":"https:\/\/www.fahnenmasten-shop.de\/magazin\/galgenmasten-tragende-saeulen-fuer-die-weite-des-himmels\/#breadcrumb"},"inLanguage":"de","potentialAction":[{"@type":"ReadAction","target":["https:\/\/www.fahnenmasten-shop.de\/magazin\/galgenmasten-tragende-saeulen-fuer-die-weite-des-himmels\/"]}]},{"@type":"BreadcrumbList","@id":"https:\/\/www.fahnenmasten-shop.de\/magazin\/galgenmasten-tragende-saeulen-fuer-die-weite-des-himmels\/#breadcrumb","itemListElement":[{"@type":"ListItem","position":1,"name":"Magazin","item":"https:\/\/www.fahnenmasten-shop.de\/magazin\/"},{"@type":"ListItem","position":2,"name":"Galgenmasten: Tragende S\u00e4ulen f\u00fcr die Weite des Himmels"}]},{"@type":"Person","@id":"https:\/\/www.fahnenmasten-shop.de\/magazin\/#\/schema\/person\/a955976088f9a713df9da45dca39a982","name":"admin","image":{"@type":"ImageObject","@id":"https:\/\/www.fahnenmasten-shop.de\/magazin\/#personlogo","inLanguage":"de","url":"https:\/\/secure.gravatar.com\/avatar\/87871f34e68fada81c8b2d10de871853f840bd8f0ad7aff2ea65fb4c2a471f27?s=96&d=mm&r=g","contentUrl":"https:\/\/secure.gravatar.com\/avatar\/87871f34e68fada81c8b2d10de871853f840bd8f0ad7aff2ea65fb4c2a471f27?s=96&d=mm&r=g","caption":"admin"},"sameAs":["https:\/\/www.fahnenmasten-shop.de\/magazin"],"url":"https:\/\/www.fahnenmasten-shop.de\/magazin\/author\/admin\/"}]}},"_links":{"self":[{"href":"https:\/\/www.fahnenmasten-shop.de\/magazin\/wp-json\/wp\/v2\/posts\/438","targetHints":{"allow":["GET"]}}],"collection":[{"href":"https:\/\/www.fahnenmasten-shop.de\/magazin\/wp-json\/wp\/v2\/posts"}],"about":[{"href":"https:\/\/www.fahnenmasten-shop.de\/magazin\/wp-json\/wp\/v2\/types\/post"}],"author":[{"embeddable":true,"href":"https:\/\/www.fahnenmasten-shop.de\/magazin\/wp-json\/wp\/v2\/users\/1"}],"replies":[{"embeddable":true,"href":"https:\/\/www.fahnenmasten-shop.de\/magazin\/wp-json\/wp\/v2\/comments?post=438"}],"version-history":[{"count":1,"href":"https:\/\/www.fahnenmasten-shop.de\/magazin\/wp-json\/wp\/v2\/posts\/438\/revisions"}],"predecessor-version":[{"id":439,"href":"https:\/\/www.fahnenmasten-shop.de\/magazin\/wp-json\/wp\/v2\/posts\/438\/revisions\/439"}],"wp:featuredmedia":[{"embeddable":true,"href":"https:\/\/www.fahnenmasten-shop.de\/magazin\/wp-json\/wp\/v2\/media\/440"}],"wp:attachment":[{"href":"https:\/\/www.fahnenmasten-shop.de\/magazin\/wp-json\/wp\/v2\/media?parent=438"}],"wp:term":[{"taxonomy":"category","embeddable":true,"href":"https:\/\/www.fahnenmasten-shop.de\/magazin\/wp-json\/wp\/v2\/categories?post=438"},{"taxonomy":"post_tag","embeddable":true,"href":"https:\/\/www.fahnenmasten-shop.de\/magazin\/wp-json\/wp\/v2\/tags?post=438"}],"curies":[{"name":"wp","href":"https:\/\/api.w.org\/{rel}","templated":true}]}}